{"id":9710,"date":"2021-08-23T16:49:31","date_gmt":"2021-08-23T14:49:31","guid":{"rendered":"https:\/\/ramarfp.com\/quin-titol-sobte-en-acabar-un-cicle-dfp-a-distancia\/"},"modified":"2021-08-23T17:35:58","modified_gmt":"2021-08-23T15:35:58","slug":"quin-titol-sobte-en-acabar-un-cicle-dfp-a-distancia","status":"publish","type":"post","link":"https:\/\/ramarfp.com\/ca\/quin-titol-sobte-en-acabar-un-cicle-dfp-a-distancia\/","title":{"rendered":"Quin t\u00edtol s\u2019obt\u00e9 en acabar un cicle d\u2019FP a dist\u00e0ncia?"},"content":{"rendered":"\t\t<div data-elementor-type=\"wp-post\" data-elementor-id=\"9710\" class=\"elementor elementor-9710 elementor-8914\" data-elementor-post-type=\"post\">\n\t\t\t\t\t\t<section class=\"elementor-section elementor-top-section elementor-element elementor-element-4e2b3d38 elementor-section-boxed elementor-section-height-default elementor-section-height-default\" data-id=\"4e2b3d38\" data-element_type=\"section\" data-e-type=\"section\">\n\t\t\t\t\t\t<div class=\"elementor-container elementor-column-gap-default\">\n\t\t\t\t\t<div class=\"elementor-column elementor-col-100 elementor-top-column elementor-element elementor-element-7ccd5bf6\" data-id=\"7ccd5bf6\" data-element_type=\"column\" data-e-type=\"column\">\n\t\t\t<div class=\"elementor-widget-wrap elementor-element-populated\">\n\t\t\t\t\t\t<div class=\"elementor-element elementor-element-369553c3 de_scroll_animation_no elementor-widget elementor-widget-text-editor\" data-id=\"369553c3\" data-element_type=\"widget\" data-e-type=\"widget\" data-widget_type=\"text-editor.default\">\n\t\t\t\t<div class=\"elementor-widget-container\">\n\t\t\t\t\t\t\t\t\t<p>T\u2019has preguntat quin <i><b>t\u00edtol d\u2019FP a dist\u00e0ncia<\/b><\/i> es pot obtenir? Despr\u00e9s de cursar un Grau Mitj\u00e0 o Superior assolir\u00e0s una titulaci\u00f3 de car\u00e0cter oficial. Aquest t\u00edtol t\u00e9 validesa acad\u00e8mica i professional en tot el territori nacional.<\/p><p>Igualment, el grau d\u2019oficialitat d\u2019aquesta titulaci\u00f3 \u00e9s la mateixa tant si has estudiat al marc d\u2019una Comunitat Aut\u00f2noma com si ho has fet en \u00e0rees que depenen del <a href=\"https:\/\/www.educacionyfp.gob.es\/portada.html\" target=\"_blank\" rel=\"noopener\">Ministerio de Educaci\u00f3n<\/a>. Si estudies un cicle formatiu de Grau Mitj\u00e0, podr\u00e0s obtenir el t\u00edtol de T\u00e8cnic, mentre que, si optes por un cicle formatiu de Grau Superior, el t\u00edtol que podr\u00e0s obtenir \u00e9s el de T\u00e8cnic Superior.<\/p><h2>Tips sobre el t\u00edtol d\u2019FP a dist\u00e0ncia<\/h2><p>Igual que passa amb les altres \u00e0rees del coneixement, la formaci\u00f3 a dist\u00e0ncia d\u2019FP suma valor afegit a la <a href=\"https:\/\/www.lavanguardia.com\/vida\/junior-report\/20201103\/484171845026\/estudiar-a-distancia-que-ciclos-de-fp-puedo-hacer-desde-casa.html\" target=\"_blank\" rel=\"noopener\">capacitaci\u00f3 educativa i professional<\/a> dels alumnes gr\u00e0cies a les compet\u00e8ncies col\u2022laterals que adquireix al llarg de la formaci\u00f3.<\/p><p>No es tracta nom\u00e9s dels coneixements que puguin assolir, sin\u00f3 tamb\u00e9 del grau de responsabilitat a l\u2019hora d\u2019organitzar-se la seva agenda i de l\u2019adquisici\u00f3 d\u2019una autonomia que els permeti moure\u2019s adequadament pel m\u00f3n laboral des del primer minut.<\/p><p>Aix\u00f2 \u00e9s aix\u00ed perqu\u00e8 hauran interioritzat un grau <b>d\u2019autogesti\u00f3 i responsabilitat<\/b> que els ajudar\u00e0 a cr\u00e9ixer. Per aix\u00f2 \u00e9s important saber quin t\u00edtol s\u2019obt\u00e9 quan s\u2019acaba aquesta formaci\u00f3.<\/p><ul><li>El t\u00edtol d\u2019FP a dist\u00e0ncia \u00e9s el resultat d\u2019una formaci\u00f3 altament especialitzada, competitiva i t\u00e8cnica. Aquest t\u00edtol abasta totes las \u00e0rees formatives,<\/li><\/ul><div>\u00a0<\/div><h2>entre d\u2019altres,<\/h2><ul><li>Entre ellas, Administraci\u00f3n y Finanzas y Marketing y Publicidad. <b>Administraci\u00f3 i Finances<\/b> i <b>M\u00e0rqueting i Publicitat<\/b>. Aquestes \u00e0rees de coneixement et permeten no nom\u00e9s adquirir qualitats professionals, sin\u00f3 tamb\u00e9 poder respondre a les necessitats laborals que el mercat demana actualment.<\/li><\/ul><div>\u00a0<\/div><ul><li><span style=\"background-color: transparent;\">\u00c9s per aix\u00f2 que aquesta titulaci\u00f3 et permetr\u00e0 aconseguir un lloc de treball amb m\u00e9s facilitat. Que precisament aquests llocs estiguin ben ocupats \u00e9s el que busquen les empreses.<\/span><\/li><\/ul><div>\u00a0<\/div><ul><li>Les titulacions de <b>T\u00e8cnic i T\u00e8cnic Superior<\/b> corresponen als cicles formatius que desitgis estudiar. Et recordem que, si optes pel cicle formatiu de Grau Superior, podr\u00e0s accedir a la Universitat. . . Aquesta opci\u00f3 et permet, si vols, poder seguir amb la teva formaci\u00f3. O, si no, incorporar-te al mercat laboral.<\/li><\/ul><h2>Pr\u00e0ctiques professionals<\/h2><ul><li>Naturalment, un t\u00edtol d\u2019FP a dist\u00e0ncia et dona les mateixes opcions que un d\u2019obtingut amb formaci\u00f3 presencial. Com \u00e9s l\u00f2gic, l\u2019alternativa formativa a dist\u00e0ncia no omet ni anul\u2022la un dels aspectes m\u00e9s importants de la Formaci\u00f3 Professional: les <b>pr\u00e0ctiques a les empreses<\/b>.<\/li><\/ul><div>\u00a0<\/div><ul><li><span style=\"background-color: transparent;\">De fet, la integraci\u00f3 en una plantilla professional per poder realitzar pr\u00e0ctiques \u00e9s imprescindible per a l\u2019obtenci\u00f3 del t\u00edtol. Aquestes practiques es porten a terme en empreses qualificades de cada \u00e0rea formativa. Per tant, quan assoleixis el teu t\u00edtol, estar\u00e0s preparat per comen\u00e7ar a treballar.<\/span><\/li><\/ul><div>\u00a0<\/div><ul><li>El t\u00edtol d\u2019FP a dist\u00e0ncia et garanteix l\u2019acc\u00e9s als continguts formatius <i>online<\/i>. \u00c9s a dir, sempre tindr\u00e0s a la teva disposici\u00f3 tots els materials relacionats amb el cicle formatiu. Per\u00f2 l\u2019aspecte m\u00e9s innovador \u00e9s poder estar a <b>l\u2019avantguarda de l\u2019\u00e0rea d\u2019estudi<\/b>. Aix\u00f2 \u00e9s aix\u00ed perqu\u00e8 els manuals s\u2019actualitzen en funci\u00f3 de les novetats que es van incorporant al sector professional en qu\u00e8 treballar\u00e0s. Passa el mateix amb els continguts formatius.<\/li><\/ul><div>\u00a0<\/div><ul><li><span style=\"background-color: transparent;\">Aquest t\u00edtol et garanteix, per tant, un nivell d\u2019excel\u2022l\u00e8ncia incomparable amb altres m\u00e8todes. Aquesta formaci\u00f3, per la seva pr\u00f2pia naturalesa, implica seguir els m\u00e8todes de coneixement acad\u00e8mic i professional m\u00e9s solvents i integrats en el que \u00e9s el mercat real de treball. De fet, \u00e9s el mateix que et trobar\u00e0s quan t\u2019incorporis a la feina.<\/span><\/li><\/ul><div>\u00a0<\/div><p>Aquesta explicaci\u00f3 sobre l\u2019obtenci\u00f3 d\u2019un t\u00edtol d\u2019FP a dist\u00e0ncia \u00e9s una radiografia aproximada del que implica estudiar per desenvolupar una activitat professional, el que vol dir ser T\u00e8cnic o T\u00e8cnic Superior. A <a href=\"https:\/\/ramarfp.com\/ca\/\">Ramar FP<\/a>, posem el focus en la <b>capacitaci\u00f3 intel\u2022lectual i professional<\/b> dels nostres alumnes per garantir-los l\u2019\u00e8xit al mercat laboral. T\u2019invitem a con\u00e8ixer les alternatives que et podem oferir per obtenir un <a href=\"https:\/\/ramarfp.com\/ca\/fp-a-distancia\/\">t\u00edtol d\u2019FP<\/a> a dist\u00e0ncia. No perdis temps! Visita la nostra p\u00e0gina web per estar m\u00e9s a prop del teu futur laboral!<\/p>\t\t\t\t\t\t\t\t<\/div>\n\t\t\t\t<\/div>\n\t\t\t\t\t<\/div>\n\t\t<\/div>\n\t\t\t\t\t<\/div>\n\t\t<\/section>\n\t\t\t\t<\/div>\n\t\t","protected":false},"excerpt":{"rendered":"<p>T\u2019has preguntat quin t\u00edtol d\u2019FP a dist\u00e0ncia es pot obtenir? Despr\u00e9s de cursar un Grau Mitj\u00e0 o Superior assolir\u00e0s una titulaci\u00f3 de car\u00e0cter oficial. Aquest t\u00edtol t\u00e9 validesa acad\u00e8mica i professional en tot el territori nacional. Igualment, el grau d\u2019oficialitat d\u2019aquesta titulaci\u00f3 \u00e9s la mateixa tant si has estudiat al marc d\u2019una Comunitat Aut\u00f2noma com [&hellip;]<\/p>\n","protected":false},"author":6,"featured_media":8916,"comment_status":"closed","ping_status":"closed","sticky":false,"template":"","format":"standard","meta":{"footnotes":""},"categories":[94],"tags":[],"class_list":["post-9710","post","type-post","status-publish","format-standard","has-post-thumbnail","hentry","category-fp-a-distancia-i-online"],"yoast_head":"<!-- This site is optimized with the Yoast SEO Premium plugin v21.3 (Yoast SEO v27.5) - https:\/\/yoast.com\/product\/yoast-seo-premium-wordpress\/ -->\n<title>T\u00edtol d\u2019FP a dist\u00e0ncia: quin tipus de titulaci\u00f3 obtindr\u00e0s?<\/title>\n<meta name=\"description\" content=\"T\u00edtol d\u2019FP a DIST\u00c0NCIA: \u2601 Est\u00e0s pensant a estudiar per a un t\u00edtol d\u2019FP a dist\u00e0ncia i no saps quins tipus de titulaci\u00f3 pots obtenir? \u2601 T\u2019ho expliquem.\" \/>\n<meta name=\"robots\" content=\"index, follow, max-snippet:-1, max-image-preview:large, max-video-preview:-1\" \/>\n<link rel=\"canonical\" href=\"https:\/\/ramarfp.com\/ca\/quin-titol-sobte-en-acabar-un-cicle-dfp-a-distancia\/\" \/>\n<meta property=\"og:locale\" content=\"ca_ES\" \/>\n<meta property=\"og:type\" content=\"article\" \/>\n<meta property=\"og:title\" content=\"Quin t\u00edtol s\u2019obt\u00e9 en acabar un cicle d\u2019FP a dist\u00e0ncia?\" \/>\n<meta property=\"og:description\" content=\"T\u00edtol d\u2019FP a DIST\u00c0NCIA: \u2601 Est\u00e0s pensant a estudiar per a un t\u00edtol d\u2019FP a dist\u00e0ncia i no saps quins tipus de titulaci\u00f3 pots obtenir? \u2601 T\u2019ho expliquem.\" \/>\n<meta property=\"og:url\" content=\"https:\/\/ramarfp.com\/ca\/quin-titol-sobte-en-acabar-un-cicle-dfp-a-distancia\/\" \/>\n<meta property=\"og:site_name\" content=\"Ramar FP | Formaci\u00f3n Profesional presencial y FP a distancia\" \/>\n<meta property=\"article:published_time\" content=\"2021-08-23T14:49:31+00:00\" \/>\n<meta property=\"article:modified_time\" content=\"2021-08-23T15:35:58+00:00\" \/>\n<meta property=\"og:image\" content=\"https:\/\/ramarfp.com\/wp-content\/uploads\/2021\/06\/titulo-obtiene-terminar-ciclo-fp-distancia-649-1.jpg\" \/>\n\t<meta property=\"og:image:width\" content=\"1200\" \/>\n\t<meta property=\"og:image:height\" content=\"400\" \/>\n\t<meta property=\"og:image:type\" content=\"image\/jpeg\" \/>\n<meta name=\"author\" content=\"Jordi Ruiz\" \/>\n<meta name=\"twitter:card\" content=\"summary_large_image\" \/>\n<meta name=\"twitter:creator\" content=\"@jordiseo\" \/>\n<meta name=\"twitter:label1\" content=\"Escrit per\" \/>\n\t<meta name=\"twitter:data1\" content=\"Jordi Ruiz\" \/>\n\t<meta name=\"twitter:label2\" content=\"Temps estimat de lectura\" \/>\n\t<meta name=\"twitter:data2\" content=\"3 minuts\" \/>\n<script type=\"application\/ld+json\" class=\"yoast-schema-graph\">{\"@context\":\"https:\\\/\\\/schema.org\",\"@graph\":[{\"@type\":\"Article\",\"@id\":\"https:\\\/\\\/ramarfp.com\\\/ca\\\/quin-titol-sobte-en-acabar-un-cicle-dfp-a-distancia\\\/#article\",\"isPartOf\":{\"@id\":\"https:\\\/\\\/ramarfp.com\\\/ca\\\/quin-titol-sobte-en-acabar-un-cicle-dfp-a-distancia\\\/\"},\"author\":{\"name\":\"Jordi Ruiz\",\"@id\":\"https:\\\/\\\/ramarfp.com\\\/ca\\\/#\\\/schema\\\/person\\\/13b9774bca64fda306974c72c041187a\"},\"headline\":\"Quin t\u00edtol s\u2019obt\u00e9 en acabar un cicle d\u2019FP a dist\u00e0ncia?\",\"datePublished\":\"2021-08-23T14:49:31+00:00\",\"dateModified\":\"2021-08-23T15:35:58+00:00\",\"mainEntityOfPage\":{\"@id\":\"https:\\\/\\\/ramarfp.com\\\/ca\\\/quin-titol-sobte-en-acabar-un-cicle-dfp-a-distancia\\\/\"},\"wordCount\":778,\"publisher\":{\"@id\":\"https:\\\/\\\/ramarfp.com\\\/ca\\\/#organization\"},\"image\":{\"@id\":\"https:\\\/\\\/ramarfp.com\\\/ca\\\/quin-titol-sobte-en-acabar-un-cicle-dfp-a-distancia\\\/#primaryimage\"},\"thumbnailUrl\":\"https:\\\/\\\/ramarfp.com\\\/wp-content\\\/uploads\\\/2021\\\/06\\\/titulo-obtiene-terminar-ciclo-fp-distancia-649-1.jpg\",\"articleSection\":[\"Fp a dist\u00e0ncia i Online\"],\"inLanguage\":\"ca\"},{\"@type\":\"WebPage\",\"@id\":\"https:\\\/\\\/ramarfp.com\\\/ca\\\/quin-titol-sobte-en-acabar-un-cicle-dfp-a-distancia\\\/\",\"url\":\"https:\\\/\\\/ramarfp.com\\\/ca\\\/quin-titol-sobte-en-acabar-un-cicle-dfp-a-distancia\\\/\",\"name\":\"T\u00edtol d\u2019FP a dist\u00e0ncia: quin tipus de titulaci\u00f3 obtindr\u00e0s?\",\"isPartOf\":{\"@id\":\"https:\\\/\\\/ramarfp.com\\\/ca\\\/#website\"},\"primaryImageOfPage\":{\"@id\":\"https:\\\/\\\/ramarfp.com\\\/ca\\\/quin-titol-sobte-en-acabar-un-cicle-dfp-a-distancia\\\/#primaryimage\"},\"image\":{\"@id\":\"https:\\\/\\\/ramarfp.com\\\/ca\\\/quin-titol-sobte-en-acabar-un-cicle-dfp-a-distancia\\\/#primaryimage\"},\"thumbnailUrl\":\"https:\\\/\\\/ramarfp.com\\\/wp-content\\\/uploads\\\/2021\\\/06\\\/titulo-obtiene-terminar-ciclo-fp-distancia-649-1.jpg\",\"datePublished\":\"2021-08-23T14:49:31+00:00\",\"dateModified\":\"2021-08-23T15:35:58+00:00\",\"description\":\"T\u00edtol d\u2019FP a DIST\u00c0NCIA: \u2601 Est\u00e0s pensant a estudiar per a un t\u00edtol d\u2019FP a dist\u00e0ncia i no saps quins tipus de titulaci\u00f3 pots obtenir? \u2601 T\u2019ho expliquem.\",\"breadcrumb\":{\"@id\":\"https:\\\/\\\/ramarfp.com\\\/ca\\\/quin-titol-sobte-en-acabar-un-cicle-dfp-a-distancia\\\/#breadcrumb\"},\"inLanguage\":\"ca\",\"potentialAction\":[{\"@type\":\"ReadAction\",\"target\":[\"https:\\\/\\\/ramarfp.com\\\/ca\\\/quin-titol-sobte-en-acabar-un-cicle-dfp-a-distancia\\\/\"]}]},{\"@type\":\"ImageObject\",\"inLanguage\":\"ca\",\"@id\":\"https:\\\/\\\/ramarfp.com\\\/ca\\\/quin-titol-sobte-en-acabar-un-cicle-dfp-a-distancia\\\/#primaryimage\",\"url\":\"https:\\\/\\\/ramarfp.com\\\/wp-content\\\/uploads\\\/2021\\\/06\\\/titulo-obtiene-terminar-ciclo-fp-distancia-649-1.jpg\",\"contentUrl\":\"https:\\\/\\\/ramarfp.com\\\/wp-content\\\/uploads\\\/2021\\\/06\\\/titulo-obtiene-terminar-ciclo-fp-distancia-649-1.jpg\",\"width\":1200,\"height\":400,\"caption\":\"Quin t\u00edtol s\u2019obt\u00e9 en acabar un cicle d\u2019FP a dist\u00e0ncia?\"},{\"@type\":\"BreadcrumbList\",\"@id\":\"https:\\\/\\\/ramarfp.com\\\/ca\\\/quin-titol-sobte-en-acabar-un-cicle-dfp-a-distancia\\\/#breadcrumb\",\"itemListElement\":[{\"@type\":\"ListItem\",\"position\":1,\"name\":\"Ramar FP\",\"item\":\"https:\\\/\\\/ramarfp.com\\\/ca\\\/\"},{\"@type\":\"ListItem\",\"position\":2,\"name\":\"Quin t\u00edtol s\u2019obt\u00e9 en acabar un cicle d\u2019FP a dist\u00e0ncia?\"}]},{\"@type\":\"WebSite\",\"@id\":\"https:\\\/\\\/ramarfp.com\\\/ca\\\/#website\",\"url\":\"https:\\\/\\\/ramarfp.com\\\/ca\\\/\",\"name\":\"Ramar FP | Formaci\u00f3n Profesional presencial y FP a distancia\",\"description\":\"\u27bd Centro Oficial Ramar FP \u27bd Presencial y a distancia \u27bd Facilidades de pago \u27bd Examinamos en toda Espa\u00f1a \u260e \u00a1Asegura tu futuro!\",\"publisher\":{\"@id\":\"https:\\\/\\\/ramarfp.com\\\/ca\\\/#organization\"},\"potentialAction\":[{\"@type\":\"SearchAction\",\"target\":{\"@type\":\"EntryPoint\",\"urlTemplate\":\"https:\\\/\\\/ramarfp.com\\\/ca\\\/?s={search_term_string}\"},\"query-input\":{\"@type\":\"PropertyValueSpecification\",\"valueRequired\":true,\"valueName\":\"search_term_string\"}}],\"inLanguage\":\"ca\"},{\"@type\":\"Organization\",\"@id\":\"https:\\\/\\\/ramarfp.com\\\/ca\\\/#organization\",\"name\":\"Ramar FP Online\",\"url\":\"https:\\\/\\\/ramarfp.com\\\/ca\\\/\",\"logo\":{\"@type\":\"ImageObject\",\"inLanguage\":\"ca\",\"@id\":\"https:\\\/\\\/ramarfp.com\\\/ca\\\/#\\\/schema\\\/logo\\\/image\\\/\",\"url\":\"https:\\\/\\\/ramarfp.com\\\/wp-content\\\/uploads\\\/2020\\\/12\\\/Logoonlinetransparent.png\",\"contentUrl\":\"https:\\\/\\\/ramarfp.com\\\/wp-content\\\/uploads\\\/2020\\\/12\\\/Logoonlinetransparent.png\",\"width\":1704,\"height\":1052,\"caption\":\"Ramar FP Online\"},\"image\":{\"@id\":\"https:\\\/\\\/ramarfp.com\\\/ca\\\/#\\\/schema\\\/logo\\\/image\\\/\"}},{\"@type\":\"Person\",\"@id\":\"https:\\\/\\\/ramarfp.com\\\/ca\\\/#\\\/schema\\\/person\\\/13b9774bca64fda306974c72c041187a\",\"name\":\"Jordi Ruiz\",\"image\":{\"@type\":\"ImageObject\",\"inLanguage\":\"ca\",\"@id\":\"https:\\\/\\\/secure.gravatar.com\\\/avatar\\\/ccea1c7432866859207356d8dfa4e4b2503e492665a614b85f4661cec60e7650?s=96&d=mm&r=g\",\"url\":\"https:\\\/\\\/secure.gravatar.com\\\/avatar\\\/ccea1c7432866859207356d8dfa4e4b2503e492665a614b85f4661cec60e7650?s=96&d=mm&r=g\",\"contentUrl\":\"https:\\\/\\\/secure.gravatar.com\\\/avatar\\\/ccea1c7432866859207356d8dfa4e4b2503e492665a614b85f4661cec60e7650?s=96&d=mm&r=g\",\"caption\":\"Jordi Ruiz\"},\"sameAs\":[\"https:\\\/\\\/x.com\\\/jordiseo\"]}]}<\/script>\n<!-- \/ Yoast SEO Premium plugin. -->","yoast_head_json":{"title":"T\u00edtol d\u2019FP a dist\u00e0ncia: quin tipus de titulaci\u00f3 obtindr\u00e0s?","description":"T\u00edtol d\u2019FP a DIST\u00c0NCIA: \u2601 Est\u00e0s pensant a estudiar per a un t\u00edtol d\u2019FP a dist\u00e0ncia i no saps quins tipus de titulaci\u00f3 pots obtenir? \u2601 T\u2019ho expliquem.","robots":{"index":"index","follow":"follow","max-snippet":"max-snippet:-1","max-image-preview":"max-image-preview:large","max-video-preview":"max-video-preview:-1"},"canonical":"https:\/\/ramarfp.com\/ca\/quin-titol-sobte-en-acabar-un-cicle-dfp-a-distancia\/","og_locale":"ca_ES","og_type":"article","og_title":"Quin t\u00edtol s\u2019obt\u00e9 en acabar un cicle d\u2019FP a dist\u00e0ncia?","og_description":"T\u00edtol d\u2019FP a DIST\u00c0NCIA: \u2601 Est\u00e0s pensant a estudiar per a un t\u00edtol d\u2019FP a dist\u00e0ncia i no saps quins tipus de titulaci\u00f3 pots obtenir? \u2601 T\u2019ho expliquem.","og_url":"https:\/\/ramarfp.com\/ca\/quin-titol-sobte-en-acabar-un-cicle-dfp-a-distancia\/","og_site_name":"Ramar FP | Formaci\u00f3n Profesional presencial y FP a distancia","article_published_time":"2021-08-23T14:49:31+00:00","article_modified_time":"2021-08-23T15:35:58+00:00","og_image":[{"width":1200,"height":400,"url":"https:\/\/ramarfp.com\/wp-content\/uploads\/2021\/06\/titulo-obtiene-terminar-ciclo-fp-distancia-649-1.jpg","type":"image\/jpeg"}],"author":"Jordi Ruiz","twitter_card":"summary_large_image","twitter_creator":"@jordiseo","twitter_misc":{"Escrit per":"Jordi Ruiz","Temps estimat de lectura":"3 minuts"},"schema":{"@context":"https:\/\/schema.org","@graph":[{"@type":"Article","@id":"https:\/\/ramarfp.com\/ca\/quin-titol-sobte-en-acabar-un-cicle-dfp-a-distancia\/#article","isPartOf":{"@id":"https:\/\/ramarfp.com\/ca\/quin-titol-sobte-en-acabar-un-cicle-dfp-a-distancia\/"},"author":{"name":"Jordi Ruiz","@id":"https:\/\/ramarfp.com\/ca\/#\/schema\/person\/13b9774bca64fda306974c72c041187a"},"headline":"Quin t\u00edtol s\u2019obt\u00e9 en acabar un cicle d\u2019FP a dist\u00e0ncia?","datePublished":"2021-08-23T14:49:31+00:00","dateModified":"2021-08-23T15:35:58+00:00","mainEntityOfPage":{"@id":"https:\/\/ramarfp.com\/ca\/quin-titol-sobte-en-acabar-un-cicle-dfp-a-distancia\/"},"wordCount":778,"publisher":{"@id":"https:\/\/ramarfp.com\/ca\/#organization"},"image":{"@id":"https:\/\/ramarfp.com\/ca\/quin-titol-sobte-en-acabar-un-cicle-dfp-a-distancia\/#primaryimage"},"thumbnailUrl":"https:\/\/ramarfp.com\/wp-content\/uploads\/2021\/06\/titulo-obtiene-terminar-ciclo-fp-distancia-649-1.jpg","articleSection":["Fp a dist\u00e0ncia i Online"],"inLanguage":"ca"},{"@type":"WebPage","@id":"https:\/\/ramarfp.com\/ca\/quin-titol-sobte-en-acabar-un-cicle-dfp-a-distancia\/","url":"https:\/\/ramarfp.com\/ca\/quin-titol-sobte-en-acabar-un-cicle-dfp-a-distancia\/","name":"T\u00edtol d\u2019FP a dist\u00e0ncia: quin tipus de titulaci\u00f3 obtindr\u00e0s?","isPartOf":{"@id":"https:\/\/ramarfp.com\/ca\/#website"},"primaryImageOfPage":{"@id":"https:\/\/ramarfp.com\/ca\/quin-titol-sobte-en-acabar-un-cicle-dfp-a-distancia\/#primaryimage"},"image":{"@id":"https:\/\/ramarfp.com\/ca\/quin-titol-sobte-en-acabar-un-cicle-dfp-a-distancia\/#primaryimage"},"thumbnailUrl":"https:\/\/ramarfp.com\/wp-content\/uploads\/2021\/06\/titulo-obtiene-terminar-ciclo-fp-distancia-649-1.jpg","datePublished":"2021-08-23T14:49:31+00:00","dateModified":"2021-08-23T15:35:58+00:00","description":"T\u00edtol d\u2019FP a DIST\u00c0NCIA: \u2601 Est\u00e0s pensant a estudiar per a un t\u00edtol d\u2019FP a dist\u00e0ncia i no saps quins tipus de titulaci\u00f3 pots obtenir? \u2601 T\u2019ho expliquem.","breadcrumb":{"@id":"https:\/\/ramarfp.com\/ca\/quin-titol-sobte-en-acabar-un-cicle-dfp-a-distancia\/#breadcrumb"},"inLanguage":"ca","potentialAction":[{"@type":"ReadAction","target":["https:\/\/ramarfp.com\/ca\/quin-titol-sobte-en-acabar-un-cicle-dfp-a-distancia\/"]}]},{"@type":"ImageObject","inLanguage":"ca","@id":"https:\/\/ramarfp.com\/ca\/quin-titol-sobte-en-acabar-un-cicle-dfp-a-distancia\/#primaryimage","url":"https:\/\/ramarfp.com\/wp-content\/uploads\/2021\/06\/titulo-obtiene-terminar-ciclo-fp-distancia-649-1.jpg","contentUrl":"https:\/\/ramarfp.com\/wp-content\/uploads\/2021\/06\/titulo-obtiene-terminar-ciclo-fp-distancia-649-1.jpg","width":1200,"height":400,"caption":"Quin t\u00edtol s\u2019obt\u00e9 en acabar un cicle d\u2019FP a dist\u00e0ncia?"},{"@type":"BreadcrumbList","@id":"https:\/\/ramarfp.com\/ca\/quin-titol-sobte-en-acabar-un-cicle-dfp-a-distancia\/#breadcrumb","itemListElement":[{"@type":"ListItem","position":1,"name":"Ramar FP","item":"https:\/\/ramarfp.com\/ca\/"},{"@type":"ListItem","position":2,"name":"Quin t\u00edtol s\u2019obt\u00e9 en acabar un cicle d\u2019FP a dist\u00e0ncia?"}]},{"@type":"WebSite","@id":"https:\/\/ramarfp.com\/ca\/#website","url":"https:\/\/ramarfp.com\/ca\/","name":"Ramar FP | Formaci\u00f3n Profesional presencial y FP a distancia","description":"\u27bd Centro Oficial Ramar FP \u27bd Presencial y a distancia \u27bd Facilidades de pago \u27bd Examinamos en toda Espa\u00f1a \u260e \u00a1Asegura tu futuro!","publisher":{"@id":"https:\/\/ramarfp.com\/ca\/#organization"},"potentialAction":[{"@type":"SearchAction","target":{"@type":"EntryPoint","urlTemplate":"https:\/\/ramarfp.com\/ca\/?s={search_term_string}"},"query-input":{"@type":"PropertyValueSpecification","valueRequired":true,"valueName":"search_term_string"}}],"inLanguage":"ca"},{"@type":"Organization","@id":"https:\/\/ramarfp.com\/ca\/#organization","name":"Ramar FP Online","url":"https:\/\/ramarfp.com\/ca\/","logo":{"@type":"ImageObject","inLanguage":"ca","@id":"https:\/\/ramarfp.com\/ca\/#\/schema\/logo\/image\/","url":"https:\/\/ramarfp.com\/wp-content\/uploads\/2020\/12\/Logoonlinetransparent.png","contentUrl":"https:\/\/ramarfp.com\/wp-content\/uploads\/2020\/12\/Logoonlinetransparent.png","width":1704,"height":1052,"caption":"Ramar FP Online"},"image":{"@id":"https:\/\/ramarfp.com\/ca\/#\/schema\/logo\/image\/"}},{"@type":"Person","@id":"https:\/\/ramarfp.com\/ca\/#\/schema\/person\/13b9774bca64fda306974c72c041187a","name":"Jordi Ruiz","image":{"@type":"ImageObject","inLanguage":"ca","@id":"https:\/\/secure.gravatar.com\/avatar\/ccea1c7432866859207356d8dfa4e4b2503e492665a614b85f4661cec60e7650?s=96&d=mm&r=g","url":"https:\/\/secure.gravatar.com\/avatar\/ccea1c7432866859207356d8dfa4e4b2503e492665a614b85f4661cec60e7650?s=96&d=mm&r=g","contentUrl":"https:\/\/secure.gravatar.com\/avatar\/ccea1c7432866859207356d8dfa4e4b2503e492665a614b85f4661cec60e7650?s=96&d=mm&r=g","caption":"Jordi Ruiz"},"sameAs":["https:\/\/x.com\/jordiseo"]}]}},"_links":{"self":[{"href":"https:\/\/ramarfp.com\/ca\/wp-json\/wp\/v2\/posts\/9710","targetHints":{"allow":["GET"]}}],"collection":[{"href":"https:\/\/ramarfp.com\/ca\/wp-json\/wp\/v2\/posts"}],"about":[{"href":"https:\/\/ramarfp.com\/ca\/wp-json\/wp\/v2\/types\/post"}],"author":[{"embeddable":true,"href":"https:\/\/ramarfp.com\/ca\/wp-json\/wp\/v2\/users\/6"}],"replies":[{"embeddable":true,"href":"https:\/\/ramarfp.com\/ca\/wp-json\/wp\/v2\/comments?post=9710"}],"version-history":[{"count":0,"href":"https:\/\/ramarfp.com\/ca\/wp-json\/wp\/v2\/posts\/9710\/revisions"}],"wp:featuredmedia":[{"embeddable":true,"href":"https:\/\/ramarfp.com\/ca\/wp-json\/wp\/v2\/media\/8916"}],"wp:attachment":[{"href":"https:\/\/ramarfp.com\/ca\/wp-json\/wp\/v2\/media?parent=9710"}],"wp:term":[{"taxonomy":"category","embeddable":true,"href":"https:\/\/ramarfp.com\/ca\/wp-json\/wp\/v2\/categories?post=9710"},{"taxonomy":"post_tag","embeddable":true,"href":"https:\/\/ramarfp.com\/ca\/wp-json\/wp\/v2\/tags?post=9710"}],"curies":[{"name":"wp","href":"https:\/\/api.w.org\/{rel}","templated":true}]}}