{"id":10627,"date":"2021-11-02T12:25:45","date_gmt":"2021-11-02T11:25:45","guid":{"rendered":"https:\/\/ramarfp.com\/que-es-pot-fer-despres-de-leso\/"},"modified":"2021-11-02T12:25:46","modified_gmt":"2021-11-02T11:25:46","slug":"que-es-pot-fer-despres-de-leso","status":"publish","type":"post","link":"https:\/\/ramarfp.com\/ca\/que-es-pot-fer-despres-de-leso\/","title":{"rendered":"Qu\u00e8 es pot fer despr\u00e9s de l\u2019ESO?"},"content":{"rendered":"\t\t<div data-elementor-type=\"wp-post\" data-elementor-id=\"10627\" class=\"elementor elementor-10627 elementor-10573\" data-elementor-post-type=\"post\">\n\t\t\t\t\t\t<section class=\"elementor-section elementor-top-section elementor-element elementor-element-0953efd elementor-section-boxed elementor-section-height-default elementor-section-height-default\" data-id=\"0953efd\" data-element_type=\"section\" data-e-type=\"section\">\n\t\t\t\t\t\t<div class=\"elementor-container elementor-column-gap-default\">\n\t\t\t\t\t<div class=\"elementor-column elementor-col-100 elementor-top-column elementor-element elementor-element-231521c\" data-id=\"231521c\" data-element_type=\"column\" data-e-type=\"column\">\n\t\t\t<div class=\"elementor-widget-wrap elementor-element-populated\">\n\t\t\t\t\t\t<div class=\"elementor-element elementor-element-5bfa46e de_scroll_animation_no elementor-widget elementor-widget-text-editor\" data-id=\"5bfa46e\" data-element_type=\"widget\" data-e-type=\"widget\" data-widget_type=\"text-editor.default\">\n\t\t\t\t<div class=\"elementor-widget-container\">\n\t\t\t\t\t\t\t\t\t<p>Qu\u00e8 es pot fer <strong>despr\u00e9s de l\u2019ESO<\/strong>? De la resposta d\u2019aquesta pregunta dependr\u00e0 el futur acad\u00e8mic o professional de molts estudiants. Si et trobes als darrers cursos d\u2019aquesta etapa educativa, \u00e9s normal que et sent\u00eds una mica inquiet. L\u2019escenari que se\u2019t presenta en acabar aquests estudis \u00e9s interessant i divers. Cal que coneguis, doncs, totes les opcions al teu abast. D\u2019aquest fet i de la teva posterior reflexi\u00f3, dependr\u00e0 que prenguis les decisions adequades i que puguis dirigir el teu futur cap a una satisfact\u00f2ria estabilitat professional.<\/p>\n<p>El punt de partida \u00e9s <a href=\"https:\/\/www.lavanguardia.com\/vida\/20210910\/7712815\/gobierno-eliminara-examenes-recuperacion-curso.html\" target=\"_blank\" rel=\"noopener\">l\u2019Educaci\u00f3 Secund\u00e0ria Obligat\u00f2ria<\/a> (ESO), que \u00e9s, a Espa\u00f1a, la m\u00ednima capacitaci\u00f3 acad\u00e8mica d\u2019assoliment obligatori. Les diferents alternatives que se t\u2019obren un cop obtinguda aquesta titulaci\u00f3 et permetran moure\u2019t sense dificultats dins del m\u00f3n professional. Tanmateix, abans de prendre aquesta decisi\u00f3, \u00e9s necessari que puguis definir quina vols que sigui la teva meta. Quin tipus de treball t\u2019agradaria? En quin sector professional voldries desenvolupar la teva vida laboral? Arribats en aquest punt, has de saber identificar les teves prefer\u00e8ncies, les teves habilitats, les principals caracter\u00edstiques de la teva personalitat. Si t\u2019informes b\u00e9, sabr\u00e0s on pots encaixar millor.<\/p>\n<h2><strong>Possibilitats de futur<\/strong><\/h2>\n<p>Pot ser que el teu futur acad\u00e8mic depengui, en part, de si has aprovat l\u2019ESO o no. Per\u00f2, tant en un cas com en l\u2019altre, haur\u00e0s de decidir entre una s\u00e8rie d\u2019alternatives. T\u2019expliquem quines s\u00f3n, a fi que puguis escollir\u00a0 d\u2019entre els diversos escenaris amb qu\u00e8 et pots trobar. D\u2019aquesta manera, et ser\u00e0 m\u00e9s senzill poder fer una prospecci\u00f3 de futur.<\/p>\n<h2><strong>Amb el t\u00edtol de l\u2019ESO<\/strong><\/h2>\n<p>El Batxillerat \u00e9s la primera possibilitat si has aprovat l\u2019ESO. Es tracta d\u2019una s\u00e8rie d\u2019estudis de car\u00e0cter general, destinats a formar-te perqu\u00e8 puguis accedir a la <a href=\"https:\/\/www.lavanguardia.com\/vida\/20210923\/7740433\/gobierno-fijara-2023-grados-tres-anos-universidad.html\" target=\"_blank\" rel=\"noopener\">Universitat<\/a>. Tamb\u00e9 podr\u00e0s optar pels <strong>cicles formatius de Grau Mitj\u00e0 de Formaci\u00f3 Professional<\/strong>. Obtindries titulacions especifiques, classificades per fam\u00edlies professionals, amb un car\u00e0cter eminentment pr\u00e0ctic, que estan especialment dirigides a la r\u00e0pida incorporaci\u00f3 al mercat laboral.<\/p>\n<p>Una altra opci\u00f3 s\u00f3n els ensenyaments art\u00edstics. Per accedir a aquests estudis, has de superar una prova d\u2019acc\u00e9s. Si la passes, podr\u00e0s <strong>cursar cicles formatius de Grau Mitj\u00e0 <\/strong>d\u2019Arts Pl\u00e0stiques i Disseny i ensenyaments elementals i professionals de M\u00fasica i Dansa. D\u2019altra banda, tamb\u00e9 pots estudiar per a una possible incorporaci\u00f3 a l\u2019\u00e0rea laboral de l\u2019esport. En aquest sentit, els ensenyaments esportius et permetrien graduar-te com a T\u00e8cnic Esportiu en alguna de les seves especialitats. Igualment, hauries de superar una prova d\u2019acc\u00e9s.<\/p>\n<p>En aquest context, una altra alternativa \u00e9s estudiar cursos no regulats pel <strong>Ministerio de<\/strong> <strong>Educaci\u00f3n y Formaci\u00f3n Profesional<\/strong>, que es coneixen com a formaci\u00f3 no reglada. I, finalment, podries dedicar-te a estudiar idiomes, per aix\u00ed perfeccionar o ampliar els teus coneixements de diverses lleng\u00fces i obtenir certificats oficials d\u2019idiomes. O decantar-te por la Formaci\u00f3 Professional per a l\u2019Ocupaci\u00f3, que est\u00e0 integrada per diversos tipus d\u2019estudis destinats a adquirir compet\u00e8ncies professionals.<\/p>\n<h2><strong>Sense el t\u00edtol de l\u2019ESO<\/strong><\/h2>\n<p>Si no has superat l\u2019ESO, tens diferents possibilitats per poder continuar estudiant. La primera opci\u00f3 \u00e9s estudiar Formaci\u00f3 Professional B\u00e0sica. Podr\u00e0s rebre una orientaci\u00f3 pr\u00e0ctica per incorporar-te al mercat laboral, o <strong>seguir amb estudis d\u2019FP de Grau Mitj\u00e0<\/strong>.<\/p>\n<p>Prova d\u2019acc\u00e9s a cicles formatius de Grau Mitj\u00e0: pots presentar-te a aquesta prova si ja has complert 17 anys. Si la superes, podr\u00e0s accedir a qualsevol cicle formatiu de Grau Mitj\u00e0. Una altra manera d\u2019accedir directament als cicles de Grau Mitj\u00e0 de FP \u00e9s fer un curs espec\u00edfic de formaci\u00f3.<\/p>\n<p>Tamb\u00e9 pots estudiar per poder obtenir el Graduat en Educaci\u00f3 Secund\u00e0ria Obligat\u00f2ria per a adults. Aquests estudis estan pensats per a persones m\u00e9s grans de 18 anys, amb la finalitat que puguin obtenir el Graduat en ESO. Si est\u00e0s m\u00e9s interessat en les activitats art\u00edstiques, haur\u00e0s de superar dues proves: una de general i una altra d\u2019espec\u00edfica, que et permetran cursar cicles formatius de <strong>Grau Mitj\u00e0 d\u2019Arts Pl\u00e0stiques i Disseny<\/strong>.<\/p>\n<p>D\u2019altra banda, si est\u00e0s interessat en l\u2019esport, pots estudiar cicles formatius d\u2019ensenyaments esportius de Grau Mitj\u00e0. Igualment, haur\u00e0s de superar una prova\u00a0 d\u2019acc\u00e9s general i una prova espec\u00edfica. Podr\u00e0s, a m\u00e9s, optar a la<strong> Formaci\u00f3 Professional per a l\u2019Ocupaci\u00f3 i<\/strong> a estudiar idiomes.<\/p>\n<p>Sigui quina sigui la teva decisi\u00f3, des de <a href=\"https:\/\/ramarfp.com\/ca\/\">RAMAR FP<\/a> t\u2019animem a formar-te i a estudiar perqu\u00e8 puguis crear un escenari ideal del teu futur professional. Recorda que, en qualsevol dels escenaris plantejats, la <a href=\"https:\/\/ramarfp.com\/ca\/\">Formaci\u00f3 Professional<\/a> \u00e9s una opci\u00f3 segura.\u00a0 T\u2019invitem a con\u00e8ixer els nostres cursos. Contacta amb nosaltres si desitges m\u00e9s informaci\u00f3. T\u2019hi esperem!<\/p>\n\t\t\t\t\t\t\t\t<\/div>\n\t\t\t\t<\/div>\n\t\t\t\t\t<\/div>\n\t\t<\/div>\n\t\t\t\t\t<\/div>\n\t\t<\/section>\n\t\t\t\t<\/div>\n\t\t","protected":false},"excerpt":{"rendered":"<p>Qu\u00e8 es pot fer despr\u00e9s de l\u2019ESO? De la resposta d\u2019aquesta pregunta dependr\u00e0 el futur acad\u00e8mic o professional de molts estudiants. Si et trobes als darrers cursos d\u2019aquesta etapa educativa, \u00e9s normal que et sent\u00eds una mica inquiet. L\u2019escenari que se\u2019t presenta en acabar aquests estudis \u00e9s interessant i divers. Cal que coneguis, doncs, totes [&hellip;]<\/p>\n","protected":false},"author":6,"featured_media":10580,"comment_status":"closed","ping_status":"closed","sticky":false,"template":"","format":"standard","meta":{"footnotes":""},"categories":[91],"tags":[],"class_list":["post-10627","post","type-post","status-publish","format-standard","has-post-thumbnail","hentry","category-guies-i-consells"],"yoast_head":"<!-- This site is optimized with the Yoast SEO Premium plugin v21.3 (Yoast SEO v27.5) - https:\/\/yoast.com\/product\/yoast-seo-premium-wordpress\/ -->\n<title>Despr\u00e9s de l\u2019ESO: qu\u00e8 es pot fer despr\u00e9s de l\u2019ESO? \u2764<\/title>\n<meta name=\"description\" content=\"Despr\u00e9s de l\u2019ESO: quines sortides tens quan acabes l\u2019ESO? \u2764\u2764 Con\u00e8ixer aquest escenari t\u2019\u00e9s b\u00e0sic. No t\u2019ho perdis.\" \/>\n<meta name=\"robots\" content=\"index, follow, max-snippet:-1, max-image-preview:large, max-video-preview:-1\" \/>\n<link rel=\"canonical\" href=\"https:\/\/ramarfp.com\/ca\/que-es-pot-fer-despres-de-leso\/\" \/>\n<meta property=\"og:locale\" content=\"ca_ES\" \/>\n<meta property=\"og:type\" content=\"article\" \/>\n<meta property=\"og:title\" content=\"Qu\u00e8 es pot fer despr\u00e9s de l\u2019ESO?\" \/>\n<meta property=\"og:description\" content=\"Despr\u00e9s de l\u2019ESO: quines sortides tens quan acabes l\u2019ESO? \u2764\u2764 Con\u00e8ixer aquest escenari t\u2019\u00e9s b\u00e0sic. No t\u2019ho perdis.\" \/>\n<meta property=\"og:url\" content=\"https:\/\/ramarfp.com\/ca\/que-es-pot-fer-despres-de-leso\/\" \/>\n<meta property=\"og:site_name\" content=\"Ramar FP | Formaci\u00f3n Profesional presencial y FP a distancia\" \/>\n<meta property=\"article:published_time\" content=\"2021-11-02T11:25:45+00:00\" \/>\n<meta property=\"article:modified_time\" content=\"2021-11-02T11:25:46+00:00\" \/>\n<meta property=\"og:image\" content=\"https:\/\/ramarfp.com\/wp-content\/uploads\/2021\/10\/Que-hacer-despues-de-la-ESO.jpg\" \/>\n\t<meta property=\"og:image:width\" content=\"1200\" \/>\n\t<meta property=\"og:image:height\" content=\"400\" \/>\n\t<meta property=\"og:image:type\" content=\"image\/jpeg\" \/>\n<meta name=\"author\" content=\"Jordi Ruiz\" \/>\n<meta name=\"twitter:card\" content=\"summary_large_image\" \/>\n<meta name=\"twitter:creator\" content=\"@jordiseo\" \/>\n<meta name=\"twitter:label1\" content=\"Escrit per\" \/>\n\t<meta name=\"twitter:data1\" content=\"Jordi Ruiz\" \/>\n\t<meta name=\"twitter:label2\" content=\"Temps estimat de lectura\" \/>\n\t<meta name=\"twitter:data2\" content=\"4 minuts\" \/>\n<script type=\"application\/ld+json\" class=\"yoast-schema-graph\">{\"@context\":\"https:\\\/\\\/schema.org\",\"@graph\":[{\"@type\":\"Article\",\"@id\":\"https:\\\/\\\/ramarfp.com\\\/ca\\\/que-es-pot-fer-despres-de-leso\\\/#article\",\"isPartOf\":{\"@id\":\"https:\\\/\\\/ramarfp.com\\\/ca\\\/que-es-pot-fer-despres-de-leso\\\/\"},\"author\":{\"name\":\"Jordi Ruiz\",\"@id\":\"https:\\\/\\\/ramarfp.com\\\/ca\\\/#\\\/schema\\\/person\\\/13b9774bca64fda306974c72c041187a\"},\"headline\":\"Qu\u00e8 es pot fer despr\u00e9s de l\u2019ESO?\",\"datePublished\":\"2021-11-02T11:25:45+00:00\",\"dateModified\":\"2021-11-02T11:25:46+00:00\",\"mainEntityOfPage\":{\"@id\":\"https:\\\/\\\/ramarfp.com\\\/ca\\\/que-es-pot-fer-despres-de-leso\\\/\"},\"wordCount\":847,\"publisher\":{\"@id\":\"https:\\\/\\\/ramarfp.com\\\/ca\\\/#organization\"},\"image\":{\"@id\":\"https:\\\/\\\/ramarfp.com\\\/ca\\\/que-es-pot-fer-despres-de-leso\\\/#primaryimage\"},\"thumbnailUrl\":\"https:\\\/\\\/ramarfp.com\\\/wp-content\\\/uploads\\\/2021\\\/10\\\/Que-hacer-despues-de-la-ESO.jpg\",\"articleSection\":[\"Guies i Consells\"],\"inLanguage\":\"ca\"},{\"@type\":\"WebPage\",\"@id\":\"https:\\\/\\\/ramarfp.com\\\/ca\\\/que-es-pot-fer-despres-de-leso\\\/\",\"url\":\"https:\\\/\\\/ramarfp.com\\\/ca\\\/que-es-pot-fer-despres-de-leso\\\/\",\"name\":\"Despr\u00e9s de l\u2019ESO: qu\u00e8 es pot fer despr\u00e9s de l\u2019ESO? \u2764\",\"isPartOf\":{\"@id\":\"https:\\\/\\\/ramarfp.com\\\/ca\\\/#website\"},\"primaryImageOfPage\":{\"@id\":\"https:\\\/\\\/ramarfp.com\\\/ca\\\/que-es-pot-fer-despres-de-leso\\\/#primaryimage\"},\"image\":{\"@id\":\"https:\\\/\\\/ramarfp.com\\\/ca\\\/que-es-pot-fer-despres-de-leso\\\/#primaryimage\"},\"thumbnailUrl\":\"https:\\\/\\\/ramarfp.com\\\/wp-content\\\/uploads\\\/2021\\\/10\\\/Que-hacer-despues-de-la-ESO.jpg\",\"datePublished\":\"2021-11-02T11:25:45+00:00\",\"dateModified\":\"2021-11-02T11:25:46+00:00\",\"description\":\"Despr\u00e9s de l\u2019ESO: quines sortides tens quan acabes l\u2019ESO? \u2764\u2764 Con\u00e8ixer aquest escenari t\u2019\u00e9s b\u00e0sic. No t\u2019ho perdis.\",\"breadcrumb\":{\"@id\":\"https:\\\/\\\/ramarfp.com\\\/ca\\\/que-es-pot-fer-despres-de-leso\\\/#breadcrumb\"},\"inLanguage\":\"ca\",\"potentialAction\":[{\"@type\":\"ReadAction\",\"target\":[\"https:\\\/\\\/ramarfp.com\\\/ca\\\/que-es-pot-fer-despres-de-leso\\\/\"]}]},{\"@type\":\"ImageObject\",\"inLanguage\":\"ca\",\"@id\":\"https:\\\/\\\/ramarfp.com\\\/ca\\\/que-es-pot-fer-despres-de-leso\\\/#primaryimage\",\"url\":\"https:\\\/\\\/ramarfp.com\\\/wp-content\\\/uploads\\\/2021\\\/10\\\/Que-hacer-despues-de-la-ESO.jpg\",\"contentUrl\":\"https:\\\/\\\/ramarfp.com\\\/wp-content\\\/uploads\\\/2021\\\/10\\\/Que-hacer-despues-de-la-ESO.jpg\",\"width\":1200,\"height\":400,\"caption\":\"Qu\u00e9-hacer-despu\u00e9s-de-la-ESO\"},{\"@type\":\"BreadcrumbList\",\"@id\":\"https:\\\/\\\/ramarfp.com\\\/ca\\\/que-es-pot-fer-despres-de-leso\\\/#breadcrumb\",\"itemListElement\":[{\"@type\":\"ListItem\",\"position\":1,\"name\":\"Ramar FP\",\"item\":\"https:\\\/\\\/ramarfp.com\\\/ca\\\/\"},{\"@type\":\"ListItem\",\"position\":2,\"name\":\"Qu\u00e8 es pot fer despr\u00e9s de l\u2019ESO?\"}]},{\"@type\":\"WebSite\",\"@id\":\"https:\\\/\\\/ramarfp.com\\\/ca\\\/#website\",\"url\":\"https:\\\/\\\/ramarfp.com\\\/ca\\\/\",\"name\":\"Ramar FP | Formaci\u00f3n Profesional presencial y FP a distancia\",\"description\":\"\u27bd Centro Oficial Ramar FP \u27bd Presencial y a distancia \u27bd Facilidades de pago \u27bd Examinamos en toda Espa\u00f1a \u260e \u00a1Asegura tu futuro!\",\"publisher\":{\"@id\":\"https:\\\/\\\/ramarfp.com\\\/ca\\\/#organization\"},\"potentialAction\":[{\"@type\":\"SearchAction\",\"target\":{\"@type\":\"EntryPoint\",\"urlTemplate\":\"https:\\\/\\\/ramarfp.com\\\/ca\\\/?s={search_term_string}\"},\"query-input\":{\"@type\":\"PropertyValueSpecification\",\"valueRequired\":true,\"valueName\":\"search_term_string\"}}],\"inLanguage\":\"ca\"},{\"@type\":\"Organization\",\"@id\":\"https:\\\/\\\/ramarfp.com\\\/ca\\\/#organization\",\"name\":\"Ramar FP Online\",\"url\":\"https:\\\/\\\/ramarfp.com\\\/ca\\\/\",\"logo\":{\"@type\":\"ImageObject\",\"inLanguage\":\"ca\",\"@id\":\"https:\\\/\\\/ramarfp.com\\\/ca\\\/#\\\/schema\\\/logo\\\/image\\\/\",\"url\":\"https:\\\/\\\/ramarfp.com\\\/wp-content\\\/uploads\\\/2020\\\/12\\\/Logoonlinetransparent.png\",\"contentUrl\":\"https:\\\/\\\/ramarfp.com\\\/wp-content\\\/uploads\\\/2020\\\/12\\\/Logoonlinetransparent.png\",\"width\":1704,\"height\":1052,\"caption\":\"Ramar FP Online\"},\"image\":{\"@id\":\"https:\\\/\\\/ramarfp.com\\\/ca\\\/#\\\/schema\\\/logo\\\/image\\\/\"}},{\"@type\":\"Person\",\"@id\":\"https:\\\/\\\/ramarfp.com\\\/ca\\\/#\\\/schema\\\/person\\\/13b9774bca64fda306974c72c041187a\",\"name\":\"Jordi Ruiz\",\"image\":{\"@type\":\"ImageObject\",\"inLanguage\":\"ca\",\"@id\":\"https:\\\/\\\/secure.gravatar.com\\\/avatar\\\/ccea1c7432866859207356d8dfa4e4b2503e492665a614b85f4661cec60e7650?s=96&d=mm&r=g\",\"url\":\"https:\\\/\\\/secure.gravatar.com\\\/avatar\\\/ccea1c7432866859207356d8dfa4e4b2503e492665a614b85f4661cec60e7650?s=96&d=mm&r=g\",\"contentUrl\":\"https:\\\/\\\/secure.gravatar.com\\\/avatar\\\/ccea1c7432866859207356d8dfa4e4b2503e492665a614b85f4661cec60e7650?s=96&d=mm&r=g\",\"caption\":\"Jordi Ruiz\"},\"sameAs\":[\"https:\\\/\\\/x.com\\\/jordiseo\"]}]}<\/script>\n<!-- \/ Yoast SEO Premium plugin. -->","yoast_head_json":{"title":"Despr\u00e9s de l\u2019ESO: qu\u00e8 es pot fer despr\u00e9s de l\u2019ESO? \u2764","description":"Despr\u00e9s de l\u2019ESO: quines sortides tens quan acabes l\u2019ESO? \u2764\u2764 Con\u00e8ixer aquest escenari t\u2019\u00e9s b\u00e0sic. No t\u2019ho perdis.","robots":{"index":"index","follow":"follow","max-snippet":"max-snippet:-1","max-image-preview":"max-image-preview:large","max-video-preview":"max-video-preview:-1"},"canonical":"https:\/\/ramarfp.com\/ca\/que-es-pot-fer-despres-de-leso\/","og_locale":"ca_ES","og_type":"article","og_title":"Qu\u00e8 es pot fer despr\u00e9s de l\u2019ESO?","og_description":"Despr\u00e9s de l\u2019ESO: quines sortides tens quan acabes l\u2019ESO? \u2764\u2764 Con\u00e8ixer aquest escenari t\u2019\u00e9s b\u00e0sic. No t\u2019ho perdis.","og_url":"https:\/\/ramarfp.com\/ca\/que-es-pot-fer-despres-de-leso\/","og_site_name":"Ramar FP | Formaci\u00f3n Profesional presencial y FP a distancia","article_published_time":"2021-11-02T11:25:45+00:00","article_modified_time":"2021-11-02T11:25:46+00:00","og_image":[{"width":1200,"height":400,"url":"https:\/\/ramarfp.com\/wp-content\/uploads\/2021\/10\/Que-hacer-despues-de-la-ESO.jpg","type":"image\/jpeg"}],"author":"Jordi Ruiz","twitter_card":"summary_large_image","twitter_creator":"@jordiseo","twitter_misc":{"Escrit per":"Jordi Ruiz","Temps estimat de lectura":"4 minuts"},"schema":{"@context":"https:\/\/schema.org","@graph":[{"@type":"Article","@id":"https:\/\/ramarfp.com\/ca\/que-es-pot-fer-despres-de-leso\/#article","isPartOf":{"@id":"https:\/\/ramarfp.com\/ca\/que-es-pot-fer-despres-de-leso\/"},"author":{"name":"Jordi Ruiz","@id":"https:\/\/ramarfp.com\/ca\/#\/schema\/person\/13b9774bca64fda306974c72c041187a"},"headline":"Qu\u00e8 es pot fer despr\u00e9s de l\u2019ESO?","datePublished":"2021-11-02T11:25:45+00:00","dateModified":"2021-11-02T11:25:46+00:00","mainEntityOfPage":{"@id":"https:\/\/ramarfp.com\/ca\/que-es-pot-fer-despres-de-leso\/"},"wordCount":847,"publisher":{"@id":"https:\/\/ramarfp.com\/ca\/#organization"},"image":{"@id":"https:\/\/ramarfp.com\/ca\/que-es-pot-fer-despres-de-leso\/#primaryimage"},"thumbnailUrl":"https:\/\/ramarfp.com\/wp-content\/uploads\/2021\/10\/Que-hacer-despues-de-la-ESO.jpg","articleSection":["Guies i Consells"],"inLanguage":"ca"},{"@type":"WebPage","@id":"https:\/\/ramarfp.com\/ca\/que-es-pot-fer-despres-de-leso\/","url":"https:\/\/ramarfp.com\/ca\/que-es-pot-fer-despres-de-leso\/","name":"Despr\u00e9s de l\u2019ESO: qu\u00e8 es pot fer despr\u00e9s de l\u2019ESO? \u2764","isPartOf":{"@id":"https:\/\/ramarfp.com\/ca\/#website"},"primaryImageOfPage":{"@id":"https:\/\/ramarfp.com\/ca\/que-es-pot-fer-despres-de-leso\/#primaryimage"},"image":{"@id":"https:\/\/ramarfp.com\/ca\/que-es-pot-fer-despres-de-leso\/#primaryimage"},"thumbnailUrl":"https:\/\/ramarfp.com\/wp-content\/uploads\/2021\/10\/Que-hacer-despues-de-la-ESO.jpg","datePublished":"2021-11-02T11:25:45+00:00","dateModified":"2021-11-02T11:25:46+00:00","description":"Despr\u00e9s de l\u2019ESO: quines sortides tens quan acabes l\u2019ESO? \u2764\u2764 Con\u00e8ixer aquest escenari t\u2019\u00e9s b\u00e0sic. No t\u2019ho perdis.","breadcrumb":{"@id":"https:\/\/ramarfp.com\/ca\/que-es-pot-fer-despres-de-leso\/#breadcrumb"},"inLanguage":"ca","potentialAction":[{"@type":"ReadAction","target":["https:\/\/ramarfp.com\/ca\/que-es-pot-fer-despres-de-leso\/"]}]},{"@type":"ImageObject","inLanguage":"ca","@id":"https:\/\/ramarfp.com\/ca\/que-es-pot-fer-despres-de-leso\/#primaryimage","url":"https:\/\/ramarfp.com\/wp-content\/uploads\/2021\/10\/Que-hacer-despues-de-la-ESO.jpg","contentUrl":"https:\/\/ramarfp.com\/wp-content\/uploads\/2021\/10\/Que-hacer-despues-de-la-ESO.jpg","width":1200,"height":400,"caption":"Qu\u00e9-hacer-despu\u00e9s-de-la-ESO"},{"@type":"BreadcrumbList","@id":"https:\/\/ramarfp.com\/ca\/que-es-pot-fer-despres-de-leso\/#breadcrumb","itemListElement":[{"@type":"ListItem","position":1,"name":"Ramar FP","item":"https:\/\/ramarfp.com\/ca\/"},{"@type":"ListItem","position":2,"name":"Qu\u00e8 es pot fer despr\u00e9s de l\u2019ESO?"}]},{"@type":"WebSite","@id":"https:\/\/ramarfp.com\/ca\/#website","url":"https:\/\/ramarfp.com\/ca\/","name":"Ramar FP | Formaci\u00f3n Profesional presencial y FP a distancia","description":"\u27bd Centro Oficial Ramar FP \u27bd Presencial y a distancia \u27bd Facilidades de pago \u27bd Examinamos en toda Espa\u00f1a \u260e \u00a1Asegura tu futuro!","publisher":{"@id":"https:\/\/ramarfp.com\/ca\/#organization"},"potentialAction":[{"@type":"SearchAction","target":{"@type":"EntryPoint","urlTemplate":"https:\/\/ramarfp.com\/ca\/?s={search_term_string}"},"query-input":{"@type":"PropertyValueSpecification","valueRequired":true,"valueName":"search_term_string"}}],"inLanguage":"ca"},{"@type":"Organization","@id":"https:\/\/ramarfp.com\/ca\/#organization","name":"Ramar FP Online","url":"https:\/\/ramarfp.com\/ca\/","logo":{"@type":"ImageObject","inLanguage":"ca","@id":"https:\/\/ramarfp.com\/ca\/#\/schema\/logo\/image\/","url":"https:\/\/ramarfp.com\/wp-content\/uploads\/2020\/12\/Logoonlinetransparent.png","contentUrl":"https:\/\/ramarfp.com\/wp-content\/uploads\/2020\/12\/Logoonlinetransparent.png","width":1704,"height":1052,"caption":"Ramar FP Online"},"image":{"@id":"https:\/\/ramarfp.com\/ca\/#\/schema\/logo\/image\/"}},{"@type":"Person","@id":"https:\/\/ramarfp.com\/ca\/#\/schema\/person\/13b9774bca64fda306974c72c041187a","name":"Jordi Ruiz","image":{"@type":"ImageObject","inLanguage":"ca","@id":"https:\/\/secure.gravatar.com\/avatar\/ccea1c7432866859207356d8dfa4e4b2503e492665a614b85f4661cec60e7650?s=96&d=mm&r=g","url":"https:\/\/secure.gravatar.com\/avatar\/ccea1c7432866859207356d8dfa4e4b2503e492665a614b85f4661cec60e7650?s=96&d=mm&r=g","contentUrl":"https:\/\/secure.gravatar.com\/avatar\/ccea1c7432866859207356d8dfa4e4b2503e492665a614b85f4661cec60e7650?s=96&d=mm&r=g","caption":"Jordi Ruiz"},"sameAs":["https:\/\/x.com\/jordiseo"]}]}},"_links":{"self":[{"href":"https:\/\/ramarfp.com\/ca\/wp-json\/wp\/v2\/posts\/10627","targetHints":{"allow":["GET"]}}],"collection":[{"href":"https:\/\/ramarfp.com\/ca\/wp-json\/wp\/v2\/posts"}],"about":[{"href":"https:\/\/ramarfp.com\/ca\/wp-json\/wp\/v2\/types\/post"}],"author":[{"embeddable":true,"href":"https:\/\/ramarfp.com\/ca\/wp-json\/wp\/v2\/users\/6"}],"replies":[{"embeddable":true,"href":"https:\/\/ramarfp.com\/ca\/wp-json\/wp\/v2\/comments?post=10627"}],"version-history":[{"count":0,"href":"https:\/\/ramarfp.com\/ca\/wp-json\/wp\/v2\/posts\/10627\/revisions"}],"wp:featuredmedia":[{"embeddable":true,"href":"https:\/\/ramarfp.com\/ca\/wp-json\/wp\/v2\/media\/10580"}],"wp:attachment":[{"href":"https:\/\/ramarfp.com\/ca\/wp-json\/wp\/v2\/media?parent=10627"}],"wp:term":[{"taxonomy":"category","embeddable":true,"href":"https:\/\/ramarfp.com\/ca\/wp-json\/wp\/v2\/categories?post=10627"},{"taxonomy":"post_tag","embeddable":true,"href":"https:\/\/ramarfp.com\/ca\/wp-json\/wp\/v2\/tags?post=10627"}],"curies":[{"name":"wp","href":"https:\/\/api.w.org\/{rel}","templated":true}]}}