{"id":10466,"date":"2021-09-28T13:35:44","date_gmt":"2021-09-28T11:35:44","guid":{"rendered":"https:\/\/ramarfp.com\/com-cal-que-torganitzis-si-estudies-una-fp-a-distancia\/"},"modified":"2022-01-19T15:02:41","modified_gmt":"2022-01-19T14:02:41","slug":"com-cal-que-torganitzis-si-estudies-una-fp-a-distancia","status":"publish","type":"post","link":"https:\/\/ramarfp.com\/ca\/com-cal-que-torganitzis-si-estudies-una-fp-a-distancia\/","title":{"rendered":"Com cal que t\u2019organitzis si estudies una FP a dist\u00e0ncia"},"content":{"rendered":"\t\t<div data-elementor-type=\"wp-post\" data-elementor-id=\"10466\" class=\"elementor elementor-10466 elementor-9992\" data-elementor-post-type=\"post\">\n\t\t\t\t\t\t<section class=\"elementor-section elementor-top-section elementor-element elementor-element-ed74b9b elementor-section-boxed elementor-section-height-default elementor-section-height-default\" data-id=\"ed74b9b\" data-element_type=\"section\" data-e-type=\"section\">\n\t\t\t\t\t\t<div class=\"elementor-container elementor-column-gap-default\">\n\t\t\t\t\t<div class=\"elementor-column elementor-col-100 elementor-top-column elementor-element elementor-element-68e7241\" data-id=\"68e7241\" data-element_type=\"column\" data-e-type=\"column\">\n\t\t\t<div class=\"elementor-widget-wrap elementor-element-populated\">\n\t\t\t\t\t\t<div class=\"elementor-element elementor-element-20a7a74 de_scroll_animation_no elementor-widget elementor-widget-text-editor\" data-id=\"20a7a74\" data-element_type=\"widget\" data-e-type=\"widget\" data-widget_type=\"text-editor.default\">\n\t\t\t\t<div class=\"elementor-widget-container\">\n\t\t\t\t\t\t\t\t\t<p>La <em><strong>FP a dist\u00e0ncia<\/strong><\/em> s\u2019ha consolidat com un m\u00e8tode d\u2019ensenyament d\u2019avantguarda. I no nom\u00e9s pel tipus de <a href=\"https:\/\/www.lavanguardia.com\/economia\/20200819\/482908424205\/formacion-profesional-fp-empleo-ofertas-trabajar-trabajo.html\">capacitaci\u00f3 professional<\/a> que reben els alumnes o per les facilitats d\u2019inserci\u00f3 al marc laboral. Hi ha d\u2019altres aspectes que fan d\u2019aquesta FP una alternativa que aporta valor afegit: per exemple, el rol dels alumnes al marc laboral o el grau d\u2019especialitzaci\u00f3 que obtenen.\u00a0<\/p><p>Tanmateix, aquesta premissa serveix per introduir un aspecte b\u00e0sic per als estudiants d\u2019FP a dist\u00e0ncia. Es tracta de saber organitzar-se el temps, a fi que l\u2019esfor\u00e7 es vegi compensat amb resultats.\u00a0 S\u2019han de con\u00e8ixer les claus i els <strong>mitjans d\u2019organitzaci\u00f3<\/strong> m\u00e9s efectius per poder obtenir un bon rendiment de la <a href=\"https:\/\/www.lavanguardia.com\/opinion\/20200329\/48147006301\/la-gestion-del-tiempo.html\">gesti\u00f3 del temp<\/a>s.<\/p><h2>Tot el que has de saber per organizar-te en una FP a dist\u00e0ncia<\/h2><p>La formaci\u00f3 a dist\u00e0ncia et permet tenir un grau de autonomia complet. \u00c9s per aix\u00f2 que has de ser capa\u00e7 de saber administrar el temps, organitzar les feines i <strong>tenir perfectament controlats<\/strong> tots els aspectes relacionats amb els teus estudis. En aquest sentit, hi ha determinats processos que, a m\u00e9s del valor afegit que suposen d\u2019entrada, et poden ajudar a treure encara m\u00e9s profit de l\u2019ensenyament a dist\u00e0ncia.<\/p><ul><li><strong>Planificaci\u00f3<\/strong>. Aquesta \u00e9s la regla d\u2019or de tots els sistemes organitzatius. I m\u00e9s encara si es tracta d\u2019un proc\u00e9s formatiu. Aix\u00f2 \u00e9s aix\u00ed perqu\u00e8 tu saps en tot moment quan ha comen\u00e7at i quan acabar\u00e0, quin temari has d\u2019estudiar, quan seran els ex\u00e0mens\u2026 Tenint en compte tots aquests factors, t\u2019ha de resultar l\u00f2gicament senzill organitzar el material d\u2019estudi per poder tenir temps suficient per aprendre\u2019n els continguts.<\/li><li><strong>Gesti\u00f3 del temps<\/strong>. T\u2019has de marcar uns horaris de treball per a cada mat\u00e8ria. L\u2019ideal \u00e9s que estiguin compresos entre dilluns i divendres. Si gestiones el temps correctament, al cap de setmana podr\u00e0s descansar. I si compleixis amb un cert rigor el que t\u2019has plantejat de fer durant la setmana, arribar\u00e0s als ex\u00e0mens excel\u00b7lentment preparat.<\/li><\/ul><h2>Comunicaci\u00f3 enriquidora<\/h2><ul><li><strong>Interacci\u00f3<\/strong>. Un dels avantatges de l\u2019FP a dist\u00e0ncia \u00e9s que pots interactuar amb els teus professors i amb els teus companys de curs. Fes-ho. Aix\u00ed podr\u00e0s contrastar amb ells els teus m\u00e8todes d\u2019estudi i la manera com t\u2019organitzes. I podr\u00e0s obtenir un <strong>feedback<\/strong> interessant que ser\u00e0 enriquidor per a tu i per a ells.<\/li><li><strong>Prevenci\u00f3 de les distraccions<\/strong>. Si has seguit aquests primers tres punts fil per randa, ara et toca tractar acuradament, des de tots els punts de vista, aquest temps\u00a0 que has assignat al teu curs d\u2019FP a dist\u00e0ncia. Busca un lloc tranquil i raonablement silenci\u00f3s, evita els dispositius m\u00f2bils i la televisi\u00f3, etc. Nom\u00e9s d\u2019aquesta manera podr\u00e0s concentrar-te a la feina i treure veritable profit del teu temps d\u2019estudi.<\/li><\/ul><h2>Un <em>break<\/em> a temps<\/h2><ul><li>Descans. Una de les <strong>r<\/strong>egles b\u00e0siques per aconseguir un alt rendiment als teus estudis \u00e9s respectar els temps de descans. Despr\u00e9s de cada hora de treball., hauries de descansar entre deu minuts i un quart d\u2019hora\u00a0\u00a0 Aquest temps de descans et facilitar\u00e0 tornar a connectar amb la feina. Tingues en compte que, si estudies ininterrompudament, arribar\u00e0 un moment en qu\u00e8 notar\u00e0s que disminueix el teu ritme d\u2019aprenentatge. Per aix\u00f2 s\u00f3n importants <strong>els descansos <\/strong><strong>ben programats.<\/strong><\/li><li>Objectius realistes. No et plantegis objectius excessivament ambiciosos, nom\u00e9s factibles sobre el paper. <strong>Fixa\u2019t objectius<\/strong><strong> realistes<\/strong>, amb qu\u00e8 puguis sentir-te c\u00f2mode. Aquest \u00e9s el plantejament adequat perqu\u00e8, en aconseguir les fites que t\u2019havies proposat, et sentir\u00e0s m\u00e9s estimulat a seguir estudiant tamb\u00e9 l\u2019endem\u00e0.<\/li><li>Prioritats. \u00c9s important que s\u00e0pigues establir les prioritats a l\u2019hora d\u2019estudiar. \u00c9s a dir, dedica menys temps a les mat\u00e8ries que et requereixin menys esfor\u00e7. O, dit d\u2019una altra manera, <strong>dedica-n\u2019hi<\/strong> <strong>m\u00e9s<\/strong> a aquelles que et resultin m\u00e9s dif\u00edcils.<\/li><\/ul><p>Aquestes pautes t\u2019ajudaran a tenir clars els teus objectius i a saber la millor manera d\u2019afrontar els teus reptes. Ara b\u00e9, si et veus en la necessitat de tornar a planificar el teu temps perqu\u00e8 <strong>has modificat els teus objectius<\/strong> degut als teus progressos, fes-ho igualment sense cap recan\u00e7a.<\/p><p>Esperem que aquest resum sobre com organitzar el temps et serveixi per millorar el teu pla d\u2019estudis. A <a href=\"https:\/\/ramarfp.com\/\">Ramar FP<\/a> el nostre principal objectiu \u00e9s que els estudiants\u00a0 <u>surtin preparats del nostre centre<\/u> per poder encarar tots els reptes professionals amb qu\u00e8 es trobaran al mercat laboral. Per aix\u00f2, impulsem aquests\u00a0 m\u00e8todes educatius d\u2019avantguarda per estimular el seu aprenentatge. Visita la nostra p\u00e0gina web per saber m\u00e9s coses de nosaltres. T\u2019esperem!<\/p>\t\t\t\t\t\t\t\t<\/div>\n\t\t\t\t<\/div>\n\t\t\t\t\t<\/div>\n\t\t<\/div>\n\t\t\t\t\t<\/div>\n\t\t<\/section>\n\t\t\t\t<\/div>\n\t\t","protected":false},"excerpt":{"rendered":"<p>La FP a dist\u00e0ncia s\u2019ha consolidat com un m\u00e8tode d\u2019ensenyament d\u2019avantguarda.<br \/>\nno nom\u00e9s pel tipus de capacitaci\u00f3 professional que reben els alumnes o per les facilitats d\u2019inserci\u00f3 al marc laboral.<br \/>\nHi ha d\u2019altres aspectes que fan d\u2019aquesta FP una alternativa que aporta valor afegit: per exemple, el rol dels alumnes al marc laboral o el grau d\u2019especialitzaci\u00f3 que obtenen. <\/p>\n","protected":false},"author":6,"featured_media":9994,"comment_status":"closed","ping_status":"closed","sticky":false,"template":"","format":"standard","meta":{"footnotes":""},"categories":[94,88],"tags":[],"class_list":["post-10466","post","type-post","status-publish","format-standard","has-post-thumbnail","hentry","category-fp-a-distancia-i-online","category-fp-a-distancia-y-online"],"yoast_head":"<!-- This site is optimized with the Yoast SEO Premium plugin v21.3 (Yoast SEO v27.5) - https:\/\/yoast.com\/product\/yoast-seo-premium-wordpress\/ -->\n<title>Claus per poder organitzar els estudis d&#039;un FP Online<\/title>\n<meta name=\"description\" content=\"FP a dist\u00e0ncia: T\u2019orientem perqu\u00e8 treguis el m\u00e0xim rendiment al teu temps, tot aprenent a organitzar-te m\u00e9s b\u00e9. Estigues atent al que et proposem!\" \/>\n<meta name=\"robots\" content=\"index, follow, max-snippet:-1, max-image-preview:large, max-video-preview:-1\" \/>\n<link rel=\"canonical\" href=\"https:\/\/ramarfp.com\/ca\/com-cal-que-torganitzis-si-estudies-una-fp-a-distancia\/\" \/>\n<meta property=\"og:locale\" content=\"ca_ES\" \/>\n<meta property=\"og:type\" content=\"article\" \/>\n<meta property=\"og:title\" content=\"Com cal que t\u2019organitzis si estudies una FP a dist\u00e0ncia\" \/>\n<meta property=\"og:description\" content=\"FP a dist\u00e0ncia: T\u2019orientem perqu\u00e8 treguis el m\u00e0xim rendiment al teu temps, tot aprenent a organitzar-te m\u00e9s b\u00e9. Estigues atent al que et proposem!\" \/>\n<meta property=\"og:url\" content=\"https:\/\/ramarfp.com\/ca\/com-cal-que-torganitzis-si-estudies-una-fp-a-distancia\/\" \/>\n<meta property=\"og:site_name\" content=\"Ramar FP | Formaci\u00f3n Profesional presencial y FP a distancia\" \/>\n<meta property=\"article:published_time\" content=\"2021-09-28T11:35:44+00:00\" \/>\n<meta property=\"article:modified_time\" content=\"2022-01-19T14:02:41+00:00\" \/>\n<meta property=\"og:image\" content=\"https:\/\/ramarfp.com\/wp-content\/uploads\/2021\/09\/organizarte-estudias-fp-distancia.jpg\" \/>\n\t<meta property=\"og:image:width\" content=\"1200\" \/>\n\t<meta property=\"og:image:height\" content=\"400\" \/>\n\t<meta property=\"og:image:type\" content=\"image\/jpeg\" \/>\n<meta name=\"author\" content=\"Jordi Ruiz\" \/>\n<meta name=\"twitter:card\" content=\"summary_large_image\" \/>\n<meta name=\"twitter:creator\" content=\"@jordiseo\" \/>\n<meta name=\"twitter:label1\" content=\"Escrit per\" \/>\n\t<meta name=\"twitter:data1\" content=\"Jordi Ruiz\" \/>\n\t<meta name=\"twitter:label2\" content=\"Temps estimat de lectura\" \/>\n\t<meta name=\"twitter:data2\" content=\"4 minuts\" \/>\n<script type=\"application\/ld+json\" class=\"yoast-schema-graph\">{\"@context\":\"https:\\\/\\\/schema.org\",\"@graph\":[{\"@type\":\"Article\",\"@id\":\"https:\\\/\\\/ramarfp.com\\\/ca\\\/com-cal-que-torganitzis-si-estudies-una-fp-a-distancia\\\/#article\",\"isPartOf\":{\"@id\":\"https:\\\/\\\/ramarfp.com\\\/ca\\\/com-cal-que-torganitzis-si-estudies-una-fp-a-distancia\\\/\"},\"author\":{\"name\":\"Jordi Ruiz\",\"@id\":\"https:\\\/\\\/ramarfp.com\\\/ca\\\/#\\\/schema\\\/person\\\/13b9774bca64fda306974c72c041187a\"},\"headline\":\"Com cal que t\u2019organitzis si estudies una FP a dist\u00e0ncia\",\"datePublished\":\"2021-09-28T11:35:44+00:00\",\"dateModified\":\"2022-01-19T14:02:41+00:00\",\"mainEntityOfPage\":{\"@id\":\"https:\\\/\\\/ramarfp.com\\\/ca\\\/com-cal-que-torganitzis-si-estudies-una-fp-a-distancia\\\/\"},\"wordCount\":830,\"publisher\":{\"@id\":\"https:\\\/\\\/ramarfp.com\\\/ca\\\/#organization\"},\"image\":{\"@id\":\"https:\\\/\\\/ramarfp.com\\\/ca\\\/com-cal-que-torganitzis-si-estudies-una-fp-a-distancia\\\/#primaryimage\"},\"thumbnailUrl\":\"https:\\\/\\\/ramarfp.com\\\/wp-content\\\/uploads\\\/2021\\\/09\\\/organizarte-estudias-fp-distancia.jpg\",\"articleSection\":[\"Fp a dist\u00e0ncia i Online\",\"Fp a distancia y Online\"],\"inLanguage\":\"ca\"},{\"@type\":\"WebPage\",\"@id\":\"https:\\\/\\\/ramarfp.com\\\/ca\\\/com-cal-que-torganitzis-si-estudies-una-fp-a-distancia\\\/\",\"url\":\"https:\\\/\\\/ramarfp.com\\\/ca\\\/com-cal-que-torganitzis-si-estudies-una-fp-a-distancia\\\/\",\"name\":\"Claus per poder organitzar els estudis d'un FP Online\",\"isPartOf\":{\"@id\":\"https:\\\/\\\/ramarfp.com\\\/ca\\\/#website\"},\"primaryImageOfPage\":{\"@id\":\"https:\\\/\\\/ramarfp.com\\\/ca\\\/com-cal-que-torganitzis-si-estudies-una-fp-a-distancia\\\/#primaryimage\"},\"image\":{\"@id\":\"https:\\\/\\\/ramarfp.com\\\/ca\\\/com-cal-que-torganitzis-si-estudies-una-fp-a-distancia\\\/#primaryimage\"},\"thumbnailUrl\":\"https:\\\/\\\/ramarfp.com\\\/wp-content\\\/uploads\\\/2021\\\/09\\\/organizarte-estudias-fp-distancia.jpg\",\"datePublished\":\"2021-09-28T11:35:44+00:00\",\"dateModified\":\"2022-01-19T14:02:41+00:00\",\"description\":\"FP a dist\u00e0ncia: T\u2019orientem perqu\u00e8 treguis el m\u00e0xim rendiment al teu temps, tot aprenent a organitzar-te m\u00e9s b\u00e9. Estigues atent al que et proposem!\",\"breadcrumb\":{\"@id\":\"https:\\\/\\\/ramarfp.com\\\/ca\\\/com-cal-que-torganitzis-si-estudies-una-fp-a-distancia\\\/#breadcrumb\"},\"inLanguage\":\"ca\",\"potentialAction\":[{\"@type\":\"ReadAction\",\"target\":[\"https:\\\/\\\/ramarfp.com\\\/ca\\\/com-cal-que-torganitzis-si-estudies-una-fp-a-distancia\\\/\"]}]},{\"@type\":\"ImageObject\",\"inLanguage\":\"ca\",\"@id\":\"https:\\\/\\\/ramarfp.com\\\/ca\\\/com-cal-que-torganitzis-si-estudies-una-fp-a-distancia\\\/#primaryimage\",\"url\":\"https:\\\/\\\/ramarfp.com\\\/wp-content\\\/uploads\\\/2021\\\/09\\\/organizarte-estudias-fp-distancia.jpg\",\"contentUrl\":\"https:\\\/\\\/ramarfp.com\\\/wp-content\\\/uploads\\\/2021\\\/09\\\/organizarte-estudias-fp-distancia.jpg\",\"width\":1200,\"height\":400,\"caption\":\"FP-dist\u00e0ncia\"},{\"@type\":\"BreadcrumbList\",\"@id\":\"https:\\\/\\\/ramarfp.com\\\/ca\\\/com-cal-que-torganitzis-si-estudies-una-fp-a-distancia\\\/#breadcrumb\",\"itemListElement\":[{\"@type\":\"ListItem\",\"position\":1,\"name\":\"Ramar FP\",\"item\":\"https:\\\/\\\/ramarfp.com\\\/ca\\\/\"},{\"@type\":\"ListItem\",\"position\":2,\"name\":\"Com cal que t\u2019organitzis si estudies una FP a dist\u00e0ncia\"}]},{\"@type\":\"WebSite\",\"@id\":\"https:\\\/\\\/ramarfp.com\\\/ca\\\/#website\",\"url\":\"https:\\\/\\\/ramarfp.com\\\/ca\\\/\",\"name\":\"Ramar FP | Formaci\u00f3n Profesional presencial y FP a distancia\",\"description\":\"\u27bd Centro Oficial Ramar FP \u27bd Presencial y a distancia \u27bd Facilidades de pago \u27bd Examinamos en toda Espa\u00f1a \u260e \u00a1Asegura tu futuro!\",\"publisher\":{\"@id\":\"https:\\\/\\\/ramarfp.com\\\/ca\\\/#organization\"},\"potentialAction\":[{\"@type\":\"SearchAction\",\"target\":{\"@type\":\"EntryPoint\",\"urlTemplate\":\"https:\\\/\\\/ramarfp.com\\\/ca\\\/?s={search_term_string}\"},\"query-input\":{\"@type\":\"PropertyValueSpecification\",\"valueRequired\":true,\"valueName\":\"search_term_string\"}}],\"inLanguage\":\"ca\"},{\"@type\":\"Organization\",\"@id\":\"https:\\\/\\\/ramarfp.com\\\/ca\\\/#organization\",\"name\":\"Ramar FP Online\",\"url\":\"https:\\\/\\\/ramarfp.com\\\/ca\\\/\",\"logo\":{\"@type\":\"ImageObject\",\"inLanguage\":\"ca\",\"@id\":\"https:\\\/\\\/ramarfp.com\\\/ca\\\/#\\\/schema\\\/logo\\\/image\\\/\",\"url\":\"https:\\\/\\\/ramarfp.com\\\/wp-content\\\/uploads\\\/2020\\\/12\\\/Logoonlinetransparent.png\",\"contentUrl\":\"https:\\\/\\\/ramarfp.com\\\/wp-content\\\/uploads\\\/2020\\\/12\\\/Logoonlinetransparent.png\",\"width\":1704,\"height\":1052,\"caption\":\"Ramar FP Online\"},\"image\":{\"@id\":\"https:\\\/\\\/ramarfp.com\\\/ca\\\/#\\\/schema\\\/logo\\\/image\\\/\"}},{\"@type\":\"Person\",\"@id\":\"https:\\\/\\\/ramarfp.com\\\/ca\\\/#\\\/schema\\\/person\\\/13b9774bca64fda306974c72c041187a\",\"name\":\"Jordi Ruiz\",\"image\":{\"@type\":\"ImageObject\",\"inLanguage\":\"ca\",\"@id\":\"https:\\\/\\\/secure.gravatar.com\\\/avatar\\\/ccea1c7432866859207356d8dfa4e4b2503e492665a614b85f4661cec60e7650?s=96&d=mm&r=g\",\"url\":\"https:\\\/\\\/secure.gravatar.com\\\/avatar\\\/ccea1c7432866859207356d8dfa4e4b2503e492665a614b85f4661cec60e7650?s=96&d=mm&r=g\",\"contentUrl\":\"https:\\\/\\\/secure.gravatar.com\\\/avatar\\\/ccea1c7432866859207356d8dfa4e4b2503e492665a614b85f4661cec60e7650?s=96&d=mm&r=g\",\"caption\":\"Jordi Ruiz\"},\"sameAs\":[\"https:\\\/\\\/x.com\\\/jordiseo\"]}]}<\/script>\n<!-- \/ Yoast SEO Premium plugin. -->","yoast_head_json":{"title":"Claus per poder organitzar els estudis d'un FP Online","description":"FP a dist\u00e0ncia: T\u2019orientem perqu\u00e8 treguis el m\u00e0xim rendiment al teu temps, tot aprenent a organitzar-te m\u00e9s b\u00e9. Estigues atent al que et proposem!","robots":{"index":"index","follow":"follow","max-snippet":"max-snippet:-1","max-image-preview":"max-image-preview:large","max-video-preview":"max-video-preview:-1"},"canonical":"https:\/\/ramarfp.com\/ca\/com-cal-que-torganitzis-si-estudies-una-fp-a-distancia\/","og_locale":"ca_ES","og_type":"article","og_title":"Com cal que t\u2019organitzis si estudies una FP a dist\u00e0ncia","og_description":"FP a dist\u00e0ncia: T\u2019orientem perqu\u00e8 treguis el m\u00e0xim rendiment al teu temps, tot aprenent a organitzar-te m\u00e9s b\u00e9. Estigues atent al que et proposem!","og_url":"https:\/\/ramarfp.com\/ca\/com-cal-que-torganitzis-si-estudies-una-fp-a-distancia\/","og_site_name":"Ramar FP | Formaci\u00f3n Profesional presencial y FP a distancia","article_published_time":"2021-09-28T11:35:44+00:00","article_modified_time":"2022-01-19T14:02:41+00:00","og_image":[{"width":1200,"height":400,"url":"https:\/\/ramarfp.com\/wp-content\/uploads\/2021\/09\/organizarte-estudias-fp-distancia.jpg","type":"image\/jpeg"}],"author":"Jordi Ruiz","twitter_card":"summary_large_image","twitter_creator":"@jordiseo","twitter_misc":{"Escrit per":"Jordi Ruiz","Temps estimat de lectura":"4 minuts"},"schema":{"@context":"https:\/\/schema.org","@graph":[{"@type":"Article","@id":"https:\/\/ramarfp.com\/ca\/com-cal-que-torganitzis-si-estudies-una-fp-a-distancia\/#article","isPartOf":{"@id":"https:\/\/ramarfp.com\/ca\/com-cal-que-torganitzis-si-estudies-una-fp-a-distancia\/"},"author":{"name":"Jordi Ruiz","@id":"https:\/\/ramarfp.com\/ca\/#\/schema\/person\/13b9774bca64fda306974c72c041187a"},"headline":"Com cal que t\u2019organitzis si estudies una FP a dist\u00e0ncia","datePublished":"2021-09-28T11:35:44+00:00","dateModified":"2022-01-19T14:02:41+00:00","mainEntityOfPage":{"@id":"https:\/\/ramarfp.com\/ca\/com-cal-que-torganitzis-si-estudies-una-fp-a-distancia\/"},"wordCount":830,"publisher":{"@id":"https:\/\/ramarfp.com\/ca\/#organization"},"image":{"@id":"https:\/\/ramarfp.com\/ca\/com-cal-que-torganitzis-si-estudies-una-fp-a-distancia\/#primaryimage"},"thumbnailUrl":"https:\/\/ramarfp.com\/wp-content\/uploads\/2021\/09\/organizarte-estudias-fp-distancia.jpg","articleSection":["Fp a dist\u00e0ncia i Online","Fp a distancia y Online"],"inLanguage":"ca"},{"@type":"WebPage","@id":"https:\/\/ramarfp.com\/ca\/com-cal-que-torganitzis-si-estudies-una-fp-a-distancia\/","url":"https:\/\/ramarfp.com\/ca\/com-cal-que-torganitzis-si-estudies-una-fp-a-distancia\/","name":"Claus per poder organitzar els estudis d'un FP Online","isPartOf":{"@id":"https:\/\/ramarfp.com\/ca\/#website"},"primaryImageOfPage":{"@id":"https:\/\/ramarfp.com\/ca\/com-cal-que-torganitzis-si-estudies-una-fp-a-distancia\/#primaryimage"},"image":{"@id":"https:\/\/ramarfp.com\/ca\/com-cal-que-torganitzis-si-estudies-una-fp-a-distancia\/#primaryimage"},"thumbnailUrl":"https:\/\/ramarfp.com\/wp-content\/uploads\/2021\/09\/organizarte-estudias-fp-distancia.jpg","datePublished":"2021-09-28T11:35:44+00:00","dateModified":"2022-01-19T14:02:41+00:00","description":"FP a dist\u00e0ncia: T\u2019orientem perqu\u00e8 treguis el m\u00e0xim rendiment al teu temps, tot aprenent a organitzar-te m\u00e9s b\u00e9. Estigues atent al que et proposem!","breadcrumb":{"@id":"https:\/\/ramarfp.com\/ca\/com-cal-que-torganitzis-si-estudies-una-fp-a-distancia\/#breadcrumb"},"inLanguage":"ca","potentialAction":[{"@type":"ReadAction","target":["https:\/\/ramarfp.com\/ca\/com-cal-que-torganitzis-si-estudies-una-fp-a-distancia\/"]}]},{"@type":"ImageObject","inLanguage":"ca","@id":"https:\/\/ramarfp.com\/ca\/com-cal-que-torganitzis-si-estudies-una-fp-a-distancia\/#primaryimage","url":"https:\/\/ramarfp.com\/wp-content\/uploads\/2021\/09\/organizarte-estudias-fp-distancia.jpg","contentUrl":"https:\/\/ramarfp.com\/wp-content\/uploads\/2021\/09\/organizarte-estudias-fp-distancia.jpg","width":1200,"height":400,"caption":"FP-dist\u00e0ncia"},{"@type":"BreadcrumbList","@id":"https:\/\/ramarfp.com\/ca\/com-cal-que-torganitzis-si-estudies-una-fp-a-distancia\/#breadcrumb","itemListElement":[{"@type":"ListItem","position":1,"name":"Ramar FP","item":"https:\/\/ramarfp.com\/ca\/"},{"@type":"ListItem","position":2,"name":"Com cal que t\u2019organitzis si estudies una FP a dist\u00e0ncia"}]},{"@type":"WebSite","@id":"https:\/\/ramarfp.com\/ca\/#website","url":"https:\/\/ramarfp.com\/ca\/","name":"Ramar FP | Formaci\u00f3n Profesional presencial y FP a distancia","description":"\u27bd Centro Oficial Ramar FP \u27bd Presencial y a distancia \u27bd Facilidades de pago \u27bd Examinamos en toda Espa\u00f1a \u260e \u00a1Asegura tu futuro!","publisher":{"@id":"https:\/\/ramarfp.com\/ca\/#organization"},"potentialAction":[{"@type":"SearchAction","target":{"@type":"EntryPoint","urlTemplate":"https:\/\/ramarfp.com\/ca\/?s={search_term_string}"},"query-input":{"@type":"PropertyValueSpecification","valueRequired":true,"valueName":"search_term_string"}}],"inLanguage":"ca"},{"@type":"Organization","@id":"https:\/\/ramarfp.com\/ca\/#organization","name":"Ramar FP Online","url":"https:\/\/ramarfp.com\/ca\/","logo":{"@type":"ImageObject","inLanguage":"ca","@id":"https:\/\/ramarfp.com\/ca\/#\/schema\/logo\/image\/","url":"https:\/\/ramarfp.com\/wp-content\/uploads\/2020\/12\/Logoonlinetransparent.png","contentUrl":"https:\/\/ramarfp.com\/wp-content\/uploads\/2020\/12\/Logoonlinetransparent.png","width":1704,"height":1052,"caption":"Ramar FP Online"},"image":{"@id":"https:\/\/ramarfp.com\/ca\/#\/schema\/logo\/image\/"}},{"@type":"Person","@id":"https:\/\/ramarfp.com\/ca\/#\/schema\/person\/13b9774bca64fda306974c72c041187a","name":"Jordi Ruiz","image":{"@type":"ImageObject","inLanguage":"ca","@id":"https:\/\/secure.gravatar.com\/avatar\/ccea1c7432866859207356d8dfa4e4b2503e492665a614b85f4661cec60e7650?s=96&d=mm&r=g","url":"https:\/\/secure.gravatar.com\/avatar\/ccea1c7432866859207356d8dfa4e4b2503e492665a614b85f4661cec60e7650?s=96&d=mm&r=g","contentUrl":"https:\/\/secure.gravatar.com\/avatar\/ccea1c7432866859207356d8dfa4e4b2503e492665a614b85f4661cec60e7650?s=96&d=mm&r=g","caption":"Jordi Ruiz"},"sameAs":["https:\/\/x.com\/jordiseo"]}]}},"_links":{"self":[{"href":"https:\/\/ramarfp.com\/ca\/wp-json\/wp\/v2\/posts\/10466","targetHints":{"allow":["GET"]}}],"collection":[{"href":"https:\/\/ramarfp.com\/ca\/wp-json\/wp\/v2\/posts"}],"about":[{"href":"https:\/\/ramarfp.com\/ca\/wp-json\/wp\/v2\/types\/post"}],"author":[{"embeddable":true,"href":"https:\/\/ramarfp.com\/ca\/wp-json\/wp\/v2\/users\/6"}],"replies":[{"embeddable":true,"href":"https:\/\/ramarfp.com\/ca\/wp-json\/wp\/v2\/comments?post=10466"}],"version-history":[{"count":0,"href":"https:\/\/ramarfp.com\/ca\/wp-json\/wp\/v2\/posts\/10466\/revisions"}],"wp:featuredmedia":[{"embeddable":true,"href":"https:\/\/ramarfp.com\/ca\/wp-json\/wp\/v2\/media\/9994"}],"wp:attachment":[{"href":"https:\/\/ramarfp.com\/ca\/wp-json\/wp\/v2\/media?parent=10466"}],"wp:term":[{"taxonomy":"category","embeddable":true,"href":"https:\/\/ramarfp.com\/ca\/wp-json\/wp\/v2\/categories?post=10466"},{"taxonomy":"post_tag","embeddable":true,"href":"https:\/\/ramarfp.com\/ca\/wp-json\/wp\/v2\/tags?post=10466"}],"curies":[{"name":"wp","href":"https:\/\/api.w.org\/{rel}","templated":true}]}}