{"id":10435,"date":"2021-09-28T13:17:37","date_gmt":"2021-09-28T11:17:37","guid":{"rendered":"https:\/\/ramarfp.com\/comenca-el-setembre-estudiant-una-fp-a-distancia\/"},"modified":"2022-02-23T11:57:06","modified_gmt":"2022-02-23T10:57:06","slug":"comenca-el-setembre-estudiant-una-fp-a-distancia","status":"publish","type":"post","link":"https:\/\/ramarfp.com\/ca\/comenca-el-setembre-estudiant-una-fp-a-distancia\/","title":{"rendered":"Comen\u00e7a el setembre estudiant una FP a dist\u00e0ncia!"},"content":{"rendered":"\t\t<div data-elementor-type=\"wp-post\" data-elementor-id=\"10435\" class=\"elementor elementor-10435 elementor-9958\" data-elementor-post-type=\"post\">\n\t\t\t\t\t\t<section class=\"elementor-section elementor-top-section elementor-element elementor-element-d9fc2f0 elementor-section-boxed elementor-section-height-default elementor-section-height-default\" data-id=\"d9fc2f0\" data-element_type=\"section\" data-e-type=\"section\">\n\t\t\t\t\t\t<div class=\"elementor-container elementor-column-gap-default\">\n\t\t\t\t\t<div class=\"elementor-column elementor-col-100 elementor-top-column elementor-element elementor-element-20988b1\" data-id=\"20988b1\" data-element_type=\"column\" data-e-type=\"column\">\n\t\t\t<div class=\"elementor-widget-wrap elementor-element-populated\">\n\t\t\t\t\t\t<div class=\"elementor-element elementor-element-7caf4f0 de_scroll_animation_no elementor-widget elementor-widget-theme-post-excerpt\" data-id=\"7caf4f0\" data-element_type=\"widget\" data-e-type=\"widget\" data-widget_type=\"theme-post-excerpt.default\">\n\t\t\t\t<div class=\"elementor-widget-container\">\n\t\t\t\t\tRamar FP tenim molt clar que cada acabament amaga la llavor d\u2019un nou inici. \nI \u00bfhi ha alguna cosa m\u00e9s excitant que prendre una decisi\u00f3 que pot canviar la teva vida? \t\t\t\t<\/div>\n\t\t\t\t<\/div>\n\t\t\t\t\t<\/div>\n\t\t<\/div>\n\t\t\t\t\t<\/div>\n\t\t<\/section>\n\t\t\t\t<section class=\"elementor-section elementor-top-section elementor-element elementor-element-ed74b9b elementor-section-boxed elementor-section-height-default elementor-section-height-default\" data-id=\"ed74b9b\" data-element_type=\"section\" data-e-type=\"section\">\n\t\t\t\t\t\t<div class=\"elementor-container elementor-column-gap-default\">\n\t\t\t\t\t<div class=\"elementor-column elementor-col-100 elementor-top-column elementor-element elementor-element-68e7241\" data-id=\"68e7241\" data-element_type=\"column\" data-e-type=\"column\">\n\t\t\t<div class=\"elementor-widget-wrap elementor-element-populated\">\n\t\t\t\t\t\t<div class=\"elementor-element elementor-element-20a7a74 de_scroll_animation_no elementor-widget elementor-widget-text-editor\" data-id=\"20a7a74\" data-element_type=\"widget\" data-e-type=\"widget\" data-widget_type=\"text-editor.default\">\n\t\t\t\t<div class=\"elementor-widget-container\">\n\t\t\t\t\t\t\t\t\t<p>A Ramar FP tenim molt clar que cada acabament amaga la llavor d\u2019un nou inici. I \u00bfhi ha alguna cosa m\u00e9s excitant que prendre una decisi\u00f3 que pot canviar la teva vida? Et\u00a0 proposem que comencis aquest mes de setembre estudiant una <a href=\"https:\/\/ramarfp.com\/ca\/fp-a-distancia\/\"><strong><em>FP a dist\u00e0ncia<\/em><\/strong><\/a>. A tots ens agraden les vacances, per\u00f2 el descans se\u2019ns fa molt m\u00e9s satisfactori si ens hem guanyat un lloc de treball, que ens espera a la tornada. Aix\u00f2 nom\u00e9s s\u2019aconsegueix amb una bona preparaci\u00f3. I \u00e9s en aix\u00f2 que pots servir-te dels nostres m\u00e9s de 30 anys d\u2019experi\u00e8ncia. Els posem a la teva disposici\u00f3 a fi que en treguis el m\u00e0xim rendiment possible, sense que aquest fet et condicioni cap dels teus altres compromisos. Estigues atent.<\/p><h2>Per qu\u00e8 \u00e9s convenient estudiar una FP a dist\u00e0ncia?<\/h2><p>Segur que has sentit a dir que <a href=\"https:\/\/sevilla.abc.es\/economia\/sevi-teletrabajo-queda-tras-verano-grandes-firmas-aplican-modelo-hibrido-centros-andalucia-202107032150_noticia.html\">el teletreball ha arribat per quedar-se<\/a>, una afirmaci\u00f3 ben certa, que no hem d\u2019aplicar \u00fanicament a l\u2019entorn laboral. Estudiar <em>online<\/em> t\u2019ofereix una s\u00e8rie d\u2019avantatges que estem segurs que valorar\u00e0s si, a m\u00e9s pensar en la teva futura carrera professional, t\u2019has d\u2019ocupar de les q\u00fcestions immediates del teu present, com poden ser la feina o la fam\u00edlia.<\/p><p>Precisament per optimitzar tot aix\u00f2, estudiar una FP a dist\u00e0ncia es converteix en una de les millors alternatives, i els motius s\u00f3n aquests:<\/p><ul><li>Pots <strong>estudiar al teu ritme<\/strong>, planificar el teu horari de cada dia, reformular-lo quan et sorgeixi algun imprevist i arribar al final de cada curs havent pogut\u00a0 complir, sense presses i sense cap tipus d\u2019estr\u00e9s , tot el que requereix aquest pla formatiu.<\/li><\/ul><ul><li>Els continguts de la nostra formaci\u00f3 <em>online <\/em>s\u2019han dissenyat de forma que estan totalment <strong>adaptats a les exig\u00e8ncies del mercat laboral<\/strong>. Estudiar a dist\u00e0ncia et col\u00b7loca a la mateixa posici\u00f3 que si ho fessis de manera tradicional, amb la diferencia, com t\u2019hem dit, que tu decideixes el teu horari.<\/li><\/ul><ul><li>De fet, la gesti\u00f3 eficient del propi temps \u00e9s una de les habilitats m\u00e9s ben considerades a les empreses. Qualsevol director de recursos humans sap que estudiar a dist\u00e0ncia requereix de diverses <strong><em>soft skills<\/em> associades<\/strong>, com una bona <strong>orientaci\u00f3 per assolir els grans objectius, una necess\u00e0ria organitzaci\u00f3 i la suficient capacitat per prendre decisions<\/strong>. Quan et facin una entrevista de treball, fes saber que has estudiat la teva FP a dist\u00e0ncia.<\/li><\/ul><h2>Quina FP a dist\u00e0ncia puc estudiar a Ramar FP?<\/h2><p>Ramar FP t\u2019ofereix dos cicles formatius amb una gran projecci\u00f3 laboral: <strong>Administraci\u00f3 i Finances<\/strong> i <strong>M\u00e0rqueting i Publicitat<\/strong>.<\/p><p>Ambdues professions asseguren una gran projecci\u00f3 de futur i s\u00f3n molt necess\u00e0ries a l\u2019actual teixit empresarial, en qu\u00e8 les petites empreses i els aut\u00f2noms adquireixen un paper cada vegada m\u00e9s important. Necessiten, per\u00f2, l\u2019ajut de professionals capa\u00e7os de gestionar las facetes col\u00b7laterals a la seva activitat central. Per aix\u00f2, els T\u00e8cnics Superiors estan molt sol\u00b7licitats com a gestors o responsables de la imatge p\u00fablica de l\u2019aut\u00f2nom o de la PIME.<\/p><p>Fins fa poc, els aut\u00f2noms tenien la tend\u00e8ncia d\u2019encarregar-se personalment de tot el que feia refer\u00e8ncia als seus negocis, per\u00f2 tot aix\u00f2 est\u00e0 canviant. El mercat exigeix unes altes dosis de professionalitat i l\u2019\u00fanica manera d\u2019aconseguir-la \u00e9s comptant amb un equip multidisciplinari, fins i tot en els projectes\u00a0 m\u00e9s modestos. \u00c9s l\u00f2gic, doncs, que es demanin tant els T\u00e8cnics Superiors en M\u00e0rqueting y Publicitat\u00a0 i els T\u00e8cnics Superiors en Administraci\u00f3 i Finances.<\/p><p>Tu esculls quina FP a dist\u00e0ncia vols estudiar, <strong>depenent de les teves habilitats i expectatives professionals<\/strong>.<\/p><h2>Per qu\u00e8 Ramar FP?<\/h2><p>Si vols estudiar una FP <em>online<\/em>, necessites fer-ho amb <strong>professionals amb experi\u00e8ncia en la formaci\u00f3<\/strong> i que, alhora, coneguin el m\u00f3n laboral amb qu\u00e8 es trobaran els seus alumnes. A Ramar FP complim aquests requisits. Els nostres 30 anys d\u2019experi\u00e8ncia ens avalen i el disseny de la nostra oferta formativa, <strong>totalment adaptada a la realitat laboral<\/strong>, n\u2019\u00e9s una prova fefaent.<\/p><p>Els Graus Superiors que oferim a dist\u00e0ncia et preparen per portar a terme un excel\u00b7lent treball en qualsevol empresa en nom\u00e9s dos anys, encara que l\u2019empresa en q\u00fcesti\u00f3 sigui molt exigent. T\u2019assessorarem quan hagis d\u2019enfrontar-te al pla d\u2019estudis perqu\u00e8 obtinguis el millor rendiment possible. Ens impliquem en la teva formaci\u00f3 perqu\u00e8 el nostre primer comprom\u00eds \u00e9s ajudar al creixement professional dels nostres alumnes; \u00e9s a dir, al teu.<\/p><p>Un creixement professional que no es basa \u00fanicament en la formaci\u00f3 te\u00f2rica, sin\u00f3 que inclou <strong><a href=\"https:\/\/ramarfp.com\/practicas-empresas\/\">pr\u00e0ctiques a les empreses<\/a><\/strong>, gr\u00e0cies a les quals aprendr\u00e0s a saber-te moure en un entorn laboral que posar\u00e0 davant teu els reptes a qu\u00e8 qualsevol professional ha de saber enfrontar-se.<\/p><p>A m\u00e9s, i amb la finalitat de facilitar-te les coses, pots cursar una FP a dist\u00e0ncia amb nosaltres tot adherint-te als nostres <strong>plans de pagament ajornat<\/strong>. Volem que puguis complir els teus somnis professionals amb nosaltres perqu\u00e8 ens omple d\u2019orgull comptar amb alumnes com tu. Escull: M\u00e0rqueting i Publicitat o Administraci\u00f3 i Finances Comprova els nostres plans d\u2019estudis i puja al vaixell que portar\u00e0 la teva carrera professional a bon port!<\/p>\t\t\t\t\t\t\t\t<\/div>\n\t\t\t\t<\/div>\n\t\t\t\t\t<\/div>\n\t\t<\/div>\n\t\t\t\t\t<\/div>\n\t\t<\/section>\n\t\t\t\t<\/div>\n\t\t","protected":false},"excerpt":{"rendered":"<p>Ramar FP tenim molt clar que cada acabament amaga la llavor d\u2019un nou inici.<br \/>\nI \u00bfhi ha alguna cosa m\u00e9s excitant que prendre una decisi\u00f3 que pot canviar la teva vida? <\/p>\n","protected":false},"author":6,"featured_media":9960,"comment_status":"closed","ping_status":"closed","sticky":false,"template":"","format":"standard","meta":{"footnotes":""},"categories":[94],"tags":[],"class_list":["post-10435","post","type-post","status-publish","format-standard","has-post-thumbnail","hentry","category-fp-a-distancia-i-online"],"yoast_head":"<!-- This site is optimized with the Yoast SEO Premium plugin v21.3 (Yoast SEO v27.5) - https:\/\/yoast.com\/product\/yoast-seo-premium-wordpress\/ -->\n<title>A DIST\u00c0NCIA \u2714 La millor manera de comen\u00e7ar el setembre!<\/title>\n<meta name=\"description\" content=\"Una FP A DIST\u00c0NCIA \u2714 et prepara per a un futur millor sense descurar el teu present. Estudia a Ramar FP i assegura\u2019t l\u2019\u00e8xit.\" \/>\n<meta name=\"robots\" content=\"index, follow, max-snippet:-1, max-image-preview:large, max-video-preview:-1\" \/>\n<link rel=\"canonical\" href=\"https:\/\/ramarfp.com\/ca\/comenca-el-setembre-estudiant-una-fp-a-distancia\/\" \/>\n<meta property=\"og:locale\" content=\"ca_ES\" \/>\n<meta property=\"og:type\" content=\"article\" \/>\n<meta property=\"og:title\" content=\"Comen\u00e7a el setembre estudiant una FP a dist\u00e0ncia!\" \/>\n<meta property=\"og:description\" content=\"Una FP A DIST\u00c0NCIA \u2714 et prepara per a un futur millor sense descurar el teu present. Estudia a Ramar FP i assegura\u2019t l\u2019\u00e8xit.\" \/>\n<meta property=\"og:url\" content=\"https:\/\/ramarfp.com\/ca\/comenca-el-setembre-estudiant-una-fp-a-distancia\/\" \/>\n<meta property=\"og:site_name\" content=\"Ramar FP | Formaci\u00f3n Profesional presencial y FP a distancia\" \/>\n<meta property=\"article:published_time\" content=\"2021-09-28T11:17:37+00:00\" \/>\n<meta property=\"article:modified_time\" content=\"2022-02-23T10:57:06+00:00\" \/>\n<meta property=\"og:image\" content=\"https:\/\/ramarfp.com\/wp-content\/uploads\/2021\/09\/empieza-septiembre-estudiando-fp-distancia.jpg\" \/>\n\t<meta property=\"og:image:width\" content=\"1200\" \/>\n\t<meta property=\"og:image:height\" content=\"400\" \/>\n\t<meta property=\"og:image:type\" content=\"image\/jpeg\" \/>\n<meta name=\"author\" content=\"Jordi Ruiz\" \/>\n<meta name=\"twitter:card\" content=\"summary_large_image\" \/>\n<meta name=\"twitter:creator\" content=\"@jordiseo\" \/>\n<meta name=\"twitter:label1\" content=\"Escrit per\" \/>\n\t<meta name=\"twitter:data1\" content=\"Jordi Ruiz\" \/>\n\t<meta name=\"twitter:label2\" content=\"Temps estimat de lectura\" \/>\n\t<meta name=\"twitter:data2\" content=\"5 minuts\" \/>\n<script type=\"application\/ld+json\" class=\"yoast-schema-graph\">{\"@context\":\"https:\\\/\\\/schema.org\",\"@graph\":[{\"@type\":\"Article\",\"@id\":\"https:\\\/\\\/ramarfp.com\\\/ca\\\/comenca-el-setembre-estudiant-una-fp-a-distancia\\\/#article\",\"isPartOf\":{\"@id\":\"https:\\\/\\\/ramarfp.com\\\/ca\\\/comenca-el-setembre-estudiant-una-fp-a-distancia\\\/\"},\"author\":{\"name\":\"Jordi Ruiz\",\"@id\":\"https:\\\/\\\/ramarfp.com\\\/ca\\\/#\\\/schema\\\/person\\\/13b9774bca64fda306974c72c041187a\"},\"headline\":\"Comen\u00e7a el setembre estudiant una FP a dist\u00e0ncia!\",\"datePublished\":\"2021-09-28T11:17:37+00:00\",\"dateModified\":\"2022-02-23T10:57:06+00:00\",\"mainEntityOfPage\":{\"@id\":\"https:\\\/\\\/ramarfp.com\\\/ca\\\/comenca-el-setembre-estudiant-una-fp-a-distancia\\\/\"},\"wordCount\":907,\"publisher\":{\"@id\":\"https:\\\/\\\/ramarfp.com\\\/ca\\\/#organization\"},\"image\":{\"@id\":\"https:\\\/\\\/ramarfp.com\\\/ca\\\/comenca-el-setembre-estudiant-una-fp-a-distancia\\\/#primaryimage\"},\"thumbnailUrl\":\"https:\\\/\\\/ramarfp.com\\\/wp-content\\\/uploads\\\/2021\\\/09\\\/empieza-septiembre-estudiando-fp-distancia.jpg\",\"articleSection\":[\"Fp a dist\u00e0ncia i Online\"],\"inLanguage\":\"ca\"},{\"@type\":\"WebPage\",\"@id\":\"https:\\\/\\\/ramarfp.com\\\/ca\\\/comenca-el-setembre-estudiant-una-fp-a-distancia\\\/\",\"url\":\"https:\\\/\\\/ramarfp.com\\\/ca\\\/comenca-el-setembre-estudiant-una-fp-a-distancia\\\/\",\"name\":\"A DIST\u00c0NCIA \u2714 La millor manera de comen\u00e7ar el setembre!\",\"isPartOf\":{\"@id\":\"https:\\\/\\\/ramarfp.com\\\/ca\\\/#website\"},\"primaryImageOfPage\":{\"@id\":\"https:\\\/\\\/ramarfp.com\\\/ca\\\/comenca-el-setembre-estudiant-una-fp-a-distancia\\\/#primaryimage\"},\"image\":{\"@id\":\"https:\\\/\\\/ramarfp.com\\\/ca\\\/comenca-el-setembre-estudiant-una-fp-a-distancia\\\/#primaryimage\"},\"thumbnailUrl\":\"https:\\\/\\\/ramarfp.com\\\/wp-content\\\/uploads\\\/2021\\\/09\\\/empieza-septiembre-estudiando-fp-distancia.jpg\",\"datePublished\":\"2021-09-28T11:17:37+00:00\",\"dateModified\":\"2022-02-23T10:57:06+00:00\",\"description\":\"Una FP A DIST\u00c0NCIA \u2714 et prepara per a un futur millor sense descurar el teu present. Estudia a Ramar FP i assegura\u2019t l\u2019\u00e8xit.\",\"breadcrumb\":{\"@id\":\"https:\\\/\\\/ramarfp.com\\\/ca\\\/comenca-el-setembre-estudiant-una-fp-a-distancia\\\/#breadcrumb\"},\"inLanguage\":\"ca\",\"potentialAction\":[{\"@type\":\"ReadAction\",\"target\":[\"https:\\\/\\\/ramarfp.com\\\/ca\\\/comenca-el-setembre-estudiant-una-fp-a-distancia\\\/\"]}]},{\"@type\":\"ImageObject\",\"inLanguage\":\"ca\",\"@id\":\"https:\\\/\\\/ramarfp.com\\\/ca\\\/comenca-el-setembre-estudiant-una-fp-a-distancia\\\/#primaryimage\",\"url\":\"https:\\\/\\\/ramarfp.com\\\/wp-content\\\/uploads\\\/2021\\\/09\\\/empieza-septiembre-estudiando-fp-distancia.jpg\",\"contentUrl\":\"https:\\\/\\\/ramarfp.com\\\/wp-content\\\/uploads\\\/2021\\\/09\\\/empieza-septiembre-estudiando-fp-distancia.jpg\",\"width\":1200,\"height\":400,\"caption\":\"Septiembre 2021 FP a Distancia\"},{\"@type\":\"BreadcrumbList\",\"@id\":\"https:\\\/\\\/ramarfp.com\\\/ca\\\/comenca-el-setembre-estudiant-una-fp-a-distancia\\\/#breadcrumb\",\"itemListElement\":[{\"@type\":\"ListItem\",\"position\":1,\"name\":\"Ramar FP\",\"item\":\"https:\\\/\\\/ramarfp.com\\\/ca\\\/\"},{\"@type\":\"ListItem\",\"position\":2,\"name\":\"Comen\u00e7a el setembre estudiant una FP a dist\u00e0ncia!\"}]},{\"@type\":\"WebSite\",\"@id\":\"https:\\\/\\\/ramarfp.com\\\/ca\\\/#website\",\"url\":\"https:\\\/\\\/ramarfp.com\\\/ca\\\/\",\"name\":\"Ramar FP | Formaci\u00f3n Profesional presencial y FP a distancia\",\"description\":\"\u27bd Centro Oficial Ramar FP \u27bd Presencial y a distancia \u27bd Facilidades de pago \u27bd Examinamos en toda Espa\u00f1a \u260e \u00a1Asegura tu futuro!\",\"publisher\":{\"@id\":\"https:\\\/\\\/ramarfp.com\\\/ca\\\/#organization\"},\"potentialAction\":[{\"@type\":\"SearchAction\",\"target\":{\"@type\":\"EntryPoint\",\"urlTemplate\":\"https:\\\/\\\/ramarfp.com\\\/ca\\\/?s={search_term_string}\"},\"query-input\":{\"@type\":\"PropertyValueSpecification\",\"valueRequired\":true,\"valueName\":\"search_term_string\"}}],\"inLanguage\":\"ca\"},{\"@type\":\"Organization\",\"@id\":\"https:\\\/\\\/ramarfp.com\\\/ca\\\/#organization\",\"name\":\"Ramar FP Online\",\"url\":\"https:\\\/\\\/ramarfp.com\\\/ca\\\/\",\"logo\":{\"@type\":\"ImageObject\",\"inLanguage\":\"ca\",\"@id\":\"https:\\\/\\\/ramarfp.com\\\/ca\\\/#\\\/schema\\\/logo\\\/image\\\/\",\"url\":\"https:\\\/\\\/ramarfp.com\\\/wp-content\\\/uploads\\\/2020\\\/12\\\/Logoonlinetransparent.png\",\"contentUrl\":\"https:\\\/\\\/ramarfp.com\\\/wp-content\\\/uploads\\\/2020\\\/12\\\/Logoonlinetransparent.png\",\"width\":1704,\"height\":1052,\"caption\":\"Ramar FP Online\"},\"image\":{\"@id\":\"https:\\\/\\\/ramarfp.com\\\/ca\\\/#\\\/schema\\\/logo\\\/image\\\/\"}},{\"@type\":\"Person\",\"@id\":\"https:\\\/\\\/ramarfp.com\\\/ca\\\/#\\\/schema\\\/person\\\/13b9774bca64fda306974c72c041187a\",\"name\":\"Jordi Ruiz\",\"image\":{\"@type\":\"ImageObject\",\"inLanguage\":\"ca\",\"@id\":\"https:\\\/\\\/secure.gravatar.com\\\/avatar\\\/ccea1c7432866859207356d8dfa4e4b2503e492665a614b85f4661cec60e7650?s=96&d=mm&r=g\",\"url\":\"https:\\\/\\\/secure.gravatar.com\\\/avatar\\\/ccea1c7432866859207356d8dfa4e4b2503e492665a614b85f4661cec60e7650?s=96&d=mm&r=g\",\"contentUrl\":\"https:\\\/\\\/secure.gravatar.com\\\/avatar\\\/ccea1c7432866859207356d8dfa4e4b2503e492665a614b85f4661cec60e7650?s=96&d=mm&r=g\",\"caption\":\"Jordi Ruiz\"},\"sameAs\":[\"https:\\\/\\\/x.com\\\/jordiseo\"]}]}<\/script>\n<!-- \/ Yoast SEO Premium plugin. -->","yoast_head_json":{"title":"A DIST\u00c0NCIA \u2714 La millor manera de comen\u00e7ar el setembre!","description":"Una FP A DIST\u00c0NCIA \u2714 et prepara per a un futur millor sense descurar el teu present. Estudia a Ramar FP i assegura\u2019t l\u2019\u00e8xit.","robots":{"index":"index","follow":"follow","max-snippet":"max-snippet:-1","max-image-preview":"max-image-preview:large","max-video-preview":"max-video-preview:-1"},"canonical":"https:\/\/ramarfp.com\/ca\/comenca-el-setembre-estudiant-una-fp-a-distancia\/","og_locale":"ca_ES","og_type":"article","og_title":"Comen\u00e7a el setembre estudiant una FP a dist\u00e0ncia!","og_description":"Una FP A DIST\u00c0NCIA \u2714 et prepara per a un futur millor sense descurar el teu present. Estudia a Ramar FP i assegura\u2019t l\u2019\u00e8xit.","og_url":"https:\/\/ramarfp.com\/ca\/comenca-el-setembre-estudiant-una-fp-a-distancia\/","og_site_name":"Ramar FP | Formaci\u00f3n Profesional presencial y FP a distancia","article_published_time":"2021-09-28T11:17:37+00:00","article_modified_time":"2022-02-23T10:57:06+00:00","og_image":[{"width":1200,"height":400,"url":"https:\/\/ramarfp.com\/wp-content\/uploads\/2021\/09\/empieza-septiembre-estudiando-fp-distancia.jpg","type":"image\/jpeg"}],"author":"Jordi Ruiz","twitter_card":"summary_large_image","twitter_creator":"@jordiseo","twitter_misc":{"Escrit per":"Jordi Ruiz","Temps estimat de lectura":"5 minuts"},"schema":{"@context":"https:\/\/schema.org","@graph":[{"@type":"Article","@id":"https:\/\/ramarfp.com\/ca\/comenca-el-setembre-estudiant-una-fp-a-distancia\/#article","isPartOf":{"@id":"https:\/\/ramarfp.com\/ca\/comenca-el-setembre-estudiant-una-fp-a-distancia\/"},"author":{"name":"Jordi Ruiz","@id":"https:\/\/ramarfp.com\/ca\/#\/schema\/person\/13b9774bca64fda306974c72c041187a"},"headline":"Comen\u00e7a el setembre estudiant una FP a dist\u00e0ncia!","datePublished":"2021-09-28T11:17:37+00:00","dateModified":"2022-02-23T10:57:06+00:00","mainEntityOfPage":{"@id":"https:\/\/ramarfp.com\/ca\/comenca-el-setembre-estudiant-una-fp-a-distancia\/"},"wordCount":907,"publisher":{"@id":"https:\/\/ramarfp.com\/ca\/#organization"},"image":{"@id":"https:\/\/ramarfp.com\/ca\/comenca-el-setembre-estudiant-una-fp-a-distancia\/#primaryimage"},"thumbnailUrl":"https:\/\/ramarfp.com\/wp-content\/uploads\/2021\/09\/empieza-septiembre-estudiando-fp-distancia.jpg","articleSection":["Fp a dist\u00e0ncia i Online"],"inLanguage":"ca"},{"@type":"WebPage","@id":"https:\/\/ramarfp.com\/ca\/comenca-el-setembre-estudiant-una-fp-a-distancia\/","url":"https:\/\/ramarfp.com\/ca\/comenca-el-setembre-estudiant-una-fp-a-distancia\/","name":"A DIST\u00c0NCIA \u2714 La millor manera de comen\u00e7ar el setembre!","isPartOf":{"@id":"https:\/\/ramarfp.com\/ca\/#website"},"primaryImageOfPage":{"@id":"https:\/\/ramarfp.com\/ca\/comenca-el-setembre-estudiant-una-fp-a-distancia\/#primaryimage"},"image":{"@id":"https:\/\/ramarfp.com\/ca\/comenca-el-setembre-estudiant-una-fp-a-distancia\/#primaryimage"},"thumbnailUrl":"https:\/\/ramarfp.com\/wp-content\/uploads\/2021\/09\/empieza-septiembre-estudiando-fp-distancia.jpg","datePublished":"2021-09-28T11:17:37+00:00","dateModified":"2022-02-23T10:57:06+00:00","description":"Una FP A DIST\u00c0NCIA \u2714 et prepara per a un futur millor sense descurar el teu present. Estudia a Ramar FP i assegura\u2019t l\u2019\u00e8xit.","breadcrumb":{"@id":"https:\/\/ramarfp.com\/ca\/comenca-el-setembre-estudiant-una-fp-a-distancia\/#breadcrumb"},"inLanguage":"ca","potentialAction":[{"@type":"ReadAction","target":["https:\/\/ramarfp.com\/ca\/comenca-el-setembre-estudiant-una-fp-a-distancia\/"]}]},{"@type":"ImageObject","inLanguage":"ca","@id":"https:\/\/ramarfp.com\/ca\/comenca-el-setembre-estudiant-una-fp-a-distancia\/#primaryimage","url":"https:\/\/ramarfp.com\/wp-content\/uploads\/2021\/09\/empieza-septiembre-estudiando-fp-distancia.jpg","contentUrl":"https:\/\/ramarfp.com\/wp-content\/uploads\/2021\/09\/empieza-septiembre-estudiando-fp-distancia.jpg","width":1200,"height":400,"caption":"Septiembre 2021 FP a Distancia"},{"@type":"BreadcrumbList","@id":"https:\/\/ramarfp.com\/ca\/comenca-el-setembre-estudiant-una-fp-a-distancia\/#breadcrumb","itemListElement":[{"@type":"ListItem","position":1,"name":"Ramar FP","item":"https:\/\/ramarfp.com\/ca\/"},{"@type":"ListItem","position":2,"name":"Comen\u00e7a el setembre estudiant una FP a dist\u00e0ncia!"}]},{"@type":"WebSite","@id":"https:\/\/ramarfp.com\/ca\/#website","url":"https:\/\/ramarfp.com\/ca\/","name":"Ramar FP | Formaci\u00f3n Profesional presencial y FP a distancia","description":"\u27bd Centro Oficial Ramar FP \u27bd Presencial y a distancia \u27bd Facilidades de pago \u27bd Examinamos en toda Espa\u00f1a \u260e \u00a1Asegura tu futuro!","publisher":{"@id":"https:\/\/ramarfp.com\/ca\/#organization"},"potentialAction":[{"@type":"SearchAction","target":{"@type":"EntryPoint","urlTemplate":"https:\/\/ramarfp.com\/ca\/?s={search_term_string}"},"query-input":{"@type":"PropertyValueSpecification","valueRequired":true,"valueName":"search_term_string"}}],"inLanguage":"ca"},{"@type":"Organization","@id":"https:\/\/ramarfp.com\/ca\/#organization","name":"Ramar FP Online","url":"https:\/\/ramarfp.com\/ca\/","logo":{"@type":"ImageObject","inLanguage":"ca","@id":"https:\/\/ramarfp.com\/ca\/#\/schema\/logo\/image\/","url":"https:\/\/ramarfp.com\/wp-content\/uploads\/2020\/12\/Logoonlinetransparent.png","contentUrl":"https:\/\/ramarfp.com\/wp-content\/uploads\/2020\/12\/Logoonlinetransparent.png","width":1704,"height":1052,"caption":"Ramar FP Online"},"image":{"@id":"https:\/\/ramarfp.com\/ca\/#\/schema\/logo\/image\/"}},{"@type":"Person","@id":"https:\/\/ramarfp.com\/ca\/#\/schema\/person\/13b9774bca64fda306974c72c041187a","name":"Jordi Ruiz","image":{"@type":"ImageObject","inLanguage":"ca","@id":"https:\/\/secure.gravatar.com\/avatar\/ccea1c7432866859207356d8dfa4e4b2503e492665a614b85f4661cec60e7650?s=96&d=mm&r=g","url":"https:\/\/secure.gravatar.com\/avatar\/ccea1c7432866859207356d8dfa4e4b2503e492665a614b85f4661cec60e7650?s=96&d=mm&r=g","contentUrl":"https:\/\/secure.gravatar.com\/avatar\/ccea1c7432866859207356d8dfa4e4b2503e492665a614b85f4661cec60e7650?s=96&d=mm&r=g","caption":"Jordi Ruiz"},"sameAs":["https:\/\/x.com\/jordiseo"]}]}},"_links":{"self":[{"href":"https:\/\/ramarfp.com\/ca\/wp-json\/wp\/v2\/posts\/10435","targetHints":{"allow":["GET"]}}],"collection":[{"href":"https:\/\/ramarfp.com\/ca\/wp-json\/wp\/v2\/posts"}],"about":[{"href":"https:\/\/ramarfp.com\/ca\/wp-json\/wp\/v2\/types\/post"}],"author":[{"embeddable":true,"href":"https:\/\/ramarfp.com\/ca\/wp-json\/wp\/v2\/users\/6"}],"replies":[{"embeddable":true,"href":"https:\/\/ramarfp.com\/ca\/wp-json\/wp\/v2\/comments?post=10435"}],"version-history":[{"count":0,"href":"https:\/\/ramarfp.com\/ca\/wp-json\/wp\/v2\/posts\/10435\/revisions"}],"wp:featuredmedia":[{"embeddable":true,"href":"https:\/\/ramarfp.com\/ca\/wp-json\/wp\/v2\/media\/9960"}],"wp:attachment":[{"href":"https:\/\/ramarfp.com\/ca\/wp-json\/wp\/v2\/media?parent=10435"}],"wp:term":[{"taxonomy":"category","embeddable":true,"href":"https:\/\/ramarfp.com\/ca\/wp-json\/wp\/v2\/categories?post=10435"},{"taxonomy":"post_tag","embeddable":true,"href":"https:\/\/ramarfp.com\/ca\/wp-json\/wp\/v2\/tags?post=10435"}],"curies":[{"name":"wp","href":"https:\/\/api.w.org\/{rel}","templated":true}]}}