{"id":10203,"date":"2021-09-14T12:56:28","date_gmt":"2021-09-14T10:56:28","guid":{"rendered":"https:\/\/ramarfp.com\/practicas-en-empresas-con-el-grado-superior-de-marketing-y-publicidad\/"},"modified":"2021-12-22T09:43:48","modified_gmt":"2021-12-22T08:43:48","slug":"practiques-empreses","status":"publish","type":"post","link":"https:\/\/ramarfp.com\/ca\/practiques-empreses\/","title":{"rendered":"Pr\u00e0ctiques a empreses: Grau Superior de M\u00e0rqueting i Publicitat"},"content":{"rendered":"\t\t<div data-elementor-type=\"wp-post\" data-elementor-id=\"10203\" class=\"elementor elementor-10203 elementor-8943\" data-elementor-post-type=\"post\">\n\t\t\t\t\t\t<section class=\"elementor-section elementor-top-section elementor-element elementor-element-4e2b3d38 elementor-section-boxed elementor-section-height-default elementor-section-height-default\" data-id=\"4e2b3d38\" data-element_type=\"section\" data-e-type=\"section\">\n\t\t\t\t\t\t<div class=\"elementor-container elementor-column-gap-default\">\n\t\t\t\t\t<div class=\"elementor-column elementor-col-100 elementor-top-column elementor-element elementor-element-7ccd5bf6\" data-id=\"7ccd5bf6\" data-element_type=\"column\" data-e-type=\"column\">\n\t\t\t<div class=\"elementor-widget-wrap elementor-element-populated\">\n\t\t\t\t\t\t<div class=\"elementor-element elementor-element-369553c3 de_scroll_animation_no elementor-widget elementor-widget-text-editor\" data-id=\"369553c3\" data-element_type=\"widget\" data-e-type=\"widget\" data-widget_type=\"text-editor.default\">\n\t\t\t\t<div class=\"elementor-widget-container\">\n\t\t\t\t\t\t\t\t\t<p>No et descobrim cap secret si t\u2019assegurem que les<em> pr\u00e0ctiques a les empreses <\/em>s\u00f3n imprescindibles per tenir una capacitaci\u00f3 plena quan acabes el Grau Superior de M\u00e0rqueting i Publicitat. De fet, sense aquestes pr\u00e0ctiques et seria impossible obtenir aquest t\u00edtol oficial, que et capacita per exercir als departaments de <u><a href=\"https:\/\/www.lavanguardia.com\/vida\/20210126\/6199054\/publicidad-tiempos-coronavirus-brl.html\">M\u00e0rqueting i Publici<\/a>tat <\/u>de qualsevol empresa. L\u2019experi\u00e8ncia que s\u2019adquireix als entorns laborals reals val el seu pes en or. Quan tinguis el teu primer contacte amb aquests espais del m\u00f3n professional, podr\u00e0s comprovar positivament tots els coneixements adquirits a l\u2019entorn acad\u00e8mic.\u00a0<\/p><p>El dinamisme de les \u00e0rees de M\u00e0rqueting i Publicitat implica con\u00e8ixer les seves rutines productives. \u00c9s a dir, el dia a dia que marca l\u2019agenda laboral d\u2019aquests departaments. Per aix\u00f2, la <strong>conviv\u00e8ncia amb professionals<\/strong> que tenen integrats aquests processos al seu <em>modus operandi <\/em>t\u2019ajudar\u00e0 a desenvolupar i a interioritzar tots aquests h\u00e0bits, que s\u00f3n imprescindibles per assumir el rol que una empresa espera de tu quan, per primera vegada, hagis de portar a terme una activitat professional de forma aut\u00f2noma.<\/p><h2><em>Tips<\/em> sobre les\u00a0pr\u00e0ctiques a les empreses<\/h2><ul><li>Gesti\u00f3 de contactes. Les pr\u00e0ctiques a les empreses, a m\u00e9s de representar la teva primera experi\u00e8ncia professional, et serviran per comen\u00e7ar a gestionar els teus contactes. Totes les persones que coneguis a l\u2019empresa s\u00f3n contactes professionals. Des del teu cap directe, passant per tots els teus companys, fins als professionals que col\u00b7laboren amb l\u2019empresa o que s\u00f3n prove\u00efdors de serveis o recursos. Qualsevol d\u2019aquests perfils, o d\u2019altres que no t\u2019hem esmentat, signifiquen <strong>valors intangibles<\/strong> que adquireixes quan fas pr\u00e0ctiques laborals en una empresa.\u00a0<\/li><li>Desenvolupament professional. Podr\u00e0s mesurar-lo amb la teva agenda de treball al moment que estiguis fent les pr\u00e0ctiques. Has de tenir molta cura d\u2019aquesta agenda, perqu\u00e8 hi haur\u00e0s d\u2019anotar totes les tasques que et manin. Cal que aprofitis cada oportunitat per posar en relleu els teus r<strong>ecursos intel\u00b7lectuals i les teves capacitats<\/strong>, a fi d\u2019aplicar-los de forma \u00fatil, efica\u00e7 i convenient al projecte en qu\u00e8 est\u00e0s treballant. Ser\u00e0, no nom\u00e9s una carta de presentaci\u00f3 de la teva professionalitat a l\u2019empresa que t\u2019aculli,\u00a0 sin\u00f3 tamb\u00e9 la teva primera experi\u00e8ncia professional. Un cop obtingut el teu t\u00edtol oficial, quan et preguntin per les teves experi\u00e8ncies en una entrevista de treball, haur\u00e0s de rec\u00f3rrer a aquests exemples que t\u2019acabem de dir. Caldr\u00e0, doncs, que els hagis treballar de la millor manera possible.\u00a0<\/li><\/ul><h2>Propostes, alternatives i idees<\/h2><ul><li>Autonomia. Un dels primers reptes que haur\u00e0s de superar durant el <a href=\"https:\/\/www.lavanguardia.com\/vida\/20170311\/42782919446\/voluntariados-y-practicas-profesionales-protagonistas-de-los-anos-sabaticos.html\">per\u00edode de pr\u00e0cti<\/a><u>ques<\/u> \u00e9s saber fer les teves tasques aut\u00f2nomament. Aix\u00f2 vol dir que haur\u00e0s de prescindir del tutelatge dels teus superiors i dels teus companys i basar-te en la teva <strong>creativitat professional<\/strong> i en la teva capacitat en funci\u00f3 del rol que hagis de desenvolupar a l\u2019empresa on facis les pr\u00e0ctiques professionals.\u00a0<\/li><li>Iniciativa. Als departaments de M\u00e0rqueting i Publicitat de qualsevol empresa, tindr\u00e0s \u00e8xit si ets capa\u00e7 d\u2019implementar les teves idees per<strong> millorar un determinat projecte<\/strong> <strong>professional<\/strong>. No dubtis a presentar propostes alternatives als plans de treball. Cal, per\u00f2, que siguin sempre idees elaborades i fonamentades i que estiguis segur que ajudaran a la consecuci\u00f3 del projecte. La iniciativa \u00e9s un valor que haur\u00e0s de conservar durant tota la teva vida professionals per poder destacar i ser competitiu. Ser\u00e0s sempre ben considerat si aportes bones idees o propostes.\u00a0<\/li><li>Assoliments. Finalment, reflexiona sobre la idea d\u2019acumular <strong>assoliments professionals<\/strong> durant el per\u00edode de pr\u00e0ctiques. Et serviran, no nom\u00e9s per donar una bona imatge de l\u2019empresa, sin\u00f3 tamb\u00e9 per poder incorporar aquests \u00e8xits al teu Curr\u00edculum Vitae. No oblidis que fer b\u00e9 la teva feina ser\u00e0 la millor carta de presentaci\u00f3 de cara a formar part de la plantilla professional d\u2019una empresa. D\u2019altra banda, les pr\u00e0ctiques professionals solen ser un viver de futurs professionals, i \u00e9s per aix\u00f2 que els empresaris observen atentament la forma de treballar dels joves en pr\u00e0ctiques perqu\u00e8 saben\u00a0 que aquests joves tenen possibilitats de convertir-se en els seus futurs empleats.<\/li><\/ul><p>\u00a0<\/p><p>Confiem que tots aquests comentaris t\u2019hagin apropat als escenaris reals que compatibilitzar\u00e0s amb la teva formaci\u00f3\u00a0 del <strong>Grau Superior de M\u00e0rqueting i Publicitat<\/strong>. Insistim a posar el focus a les pr\u00e0ctiques a les empreses perqu\u00e8 els nostres estudiants entrin al mercat laboral amb un valor afegit en tot el referent a les compet\u00e8ncies laborals. A <a href=\"https:\/\/ramarfp.com\/\">Ramar FP<\/a>, volem <a href=\"https:\/\/ramarfp.com\/curso-2020-2021\/\">formar professionals<\/a> d\u2019\u00e8xit que reeixeixin a la seva feina, perqu\u00e8 aquesta \u00e9s la millor publicitat que ens podem fer. Visita la nostra p\u00e0gina web per poder-nos con\u00e8ixer m\u00e9s b\u00e9. No perdis un minut! T\u2019hi esperem!<\/p>\t\t\t\t\t\t\t\t<\/div>\n\t\t\t\t<\/div>\n\t\t\t\t\t<\/div>\n\t\t<\/div>\n\t\t\t\t\t<\/div>\n\t\t<\/section>\n\t\t\t\t<\/div>\n\t\t","protected":false},"excerpt":{"rendered":"<p>No et descobrim cap secret si t\u2019assegurem que les pr\u00e0ctiques a les empreses s\u00f3n imprescindibles per tenir una capacitaci\u00f3 plena quan acabes el Grau Superior de M\u00e0rqueting i Publicitat. De fet, sense aquestes pr\u00e0ctiques et seria impossible obtenir aquest t\u00edtol oficial, que et capacita per exercir als departaments de M\u00e0rqueting i Publicitat de qualsevol empresa. L\u2019experi\u00e8ncia que s\u2019adquireix als entorns laborals reals val el seu pes en or. Quan tinguis el teu primer contacte amb aquests espais del m\u00f3n professional, podr\u00e0s comprovar positivament tots els coneixements adquirits a l\u2019entorn acad\u00e8mic. <\/p>\n","protected":false},"author":6,"featured_media":8950,"comment_status":"closed","ping_status":"closed","sticky":false,"template":"","format":"standard","meta":{"footnotes":""},"categories":[96],"tags":[],"class_list":["post-10203","post","type-post","status-publish","format-standard","has-post-thumbnail","hentry","category-marqueting-i-publicitat"],"yoast_head":"<!-- This site is optimized with the Yoast SEO Premium plugin v21.3 (Yoast SEO v27.5) - https:\/\/yoast.com\/product\/yoast-seo-premium-wordpress\/ -->\n<title>a les EMPRESES: \u2601Grau Superior de M\u00e0rqueting i Publicitat<\/title>\n<meta name=\"description\" content=\"PR\u00c0CTIQUES a les empreses: \u2601 T\u2019expliquem tots els aspectes referents a les pr\u00e0ctiques de M\u00e0rqueting i Publicitat. \u2601 No t\u2019ho perdis\" \/>\n<meta name=\"robots\" content=\"index, follow, max-snippet:-1, max-image-preview:large, max-video-preview:-1\" \/>\n<link rel=\"canonical\" href=\"https:\/\/ramarfp.com\/ca\/practiques-empreses\/\" \/>\n<meta property=\"og:locale\" content=\"ca_ES\" \/>\n<meta property=\"og:type\" content=\"article\" \/>\n<meta property=\"og:title\" content=\"Pr\u00e0ctiques a empreses: Grau Superior de M\u00e0rqueting i Publicitat\" \/>\n<meta property=\"og:description\" content=\"PR\u00c0CTIQUES a les empreses: \u2601 T\u2019expliquem tots els aspectes referents a les pr\u00e0ctiques de M\u00e0rqueting i Publicitat. \u2601 No t\u2019ho perdis\" \/>\n<meta property=\"og:url\" content=\"https:\/\/ramarfp.com\/ca\/practiques-empreses\/\" \/>\n<meta property=\"og:site_name\" content=\"Ramar FP | Formaci\u00f3n Profesional presencial y FP a distancia\" \/>\n<meta property=\"article:published_time\" content=\"2021-09-14T10:56:28+00:00\" \/>\n<meta property=\"article:modified_time\" content=\"2021-12-22T08:43:48+00:00\" \/>\n<meta property=\"og:image\" content=\"https:\/\/ramarfp.com\/wp-content\/uploads\/2021\/06\/practicas-empresas-grado-superior-marketing-publicidad-1.jpg\" \/>\n\t<meta property=\"og:image:width\" content=\"1200\" \/>\n\t<meta property=\"og:image:height\" content=\"400\" \/>\n\t<meta property=\"og:image:type\" content=\"image\/jpeg\" \/>\n<meta name=\"author\" content=\"Jordi Ruiz\" \/>\n<meta name=\"twitter:card\" content=\"summary_large_image\" \/>\n<meta name=\"twitter:creator\" content=\"@jordiseo\" \/>\n<meta name=\"twitter:label1\" content=\"Escrit per\" \/>\n\t<meta name=\"twitter:data1\" content=\"Jordi Ruiz\" \/>\n\t<meta name=\"twitter:label2\" content=\"Temps estimat de lectura\" \/>\n\t<meta name=\"twitter:data2\" content=\"4 minuts\" \/>\n<script type=\"application\/ld+json\" class=\"yoast-schema-graph\">{\"@context\":\"https:\\\/\\\/schema.org\",\"@graph\":[{\"@type\":\"Article\",\"@id\":\"https:\\\/\\\/ramarfp.com\\\/ca\\\/practiques-empreses\\\/#article\",\"isPartOf\":{\"@id\":\"https:\\\/\\\/ramarfp.com\\\/ca\\\/practiques-empreses\\\/\"},\"author\":{\"name\":\"Jordi Ruiz\",\"@id\":\"https:\\\/\\\/ramarfp.com\\\/ca\\\/#\\\/schema\\\/person\\\/13b9774bca64fda306974c72c041187a\"},\"headline\":\"Pr\u00e0ctiques a empreses: Grau Superior de M\u00e0rqueting i Publicitat\",\"datePublished\":\"2021-09-14T10:56:28+00:00\",\"dateModified\":\"2021-12-22T08:43:48+00:00\",\"mainEntityOfPage\":{\"@id\":\"https:\\\/\\\/ramarfp.com\\\/ca\\\/practiques-empreses\\\/\"},\"wordCount\":847,\"publisher\":{\"@id\":\"https:\\\/\\\/ramarfp.com\\\/ca\\\/#organization\"},\"image\":{\"@id\":\"https:\\\/\\\/ramarfp.com\\\/ca\\\/practiques-empreses\\\/#primaryimage\"},\"thumbnailUrl\":\"https:\\\/\\\/ramarfp.com\\\/wp-content\\\/uploads\\\/2021\\\/06\\\/practicas-empresas-grado-superior-marketing-publicidad-1.jpg\",\"articleSection\":[\"M\u00e0rqueting i Publicitat\"],\"inLanguage\":\"ca\"},{\"@type\":\"WebPage\",\"@id\":\"https:\\\/\\\/ramarfp.com\\\/ca\\\/practiques-empreses\\\/\",\"url\":\"https:\\\/\\\/ramarfp.com\\\/ca\\\/practiques-empreses\\\/\",\"name\":\"a les EMPRESES: \u2601Grau Superior de M\u00e0rqueting i Publicitat\",\"isPartOf\":{\"@id\":\"https:\\\/\\\/ramarfp.com\\\/ca\\\/#website\"},\"primaryImageOfPage\":{\"@id\":\"https:\\\/\\\/ramarfp.com\\\/ca\\\/practiques-empreses\\\/#primaryimage\"},\"image\":{\"@id\":\"https:\\\/\\\/ramarfp.com\\\/ca\\\/practiques-empreses\\\/#primaryimage\"},\"thumbnailUrl\":\"https:\\\/\\\/ramarfp.com\\\/wp-content\\\/uploads\\\/2021\\\/06\\\/practicas-empresas-grado-superior-marketing-publicidad-1.jpg\",\"datePublished\":\"2021-09-14T10:56:28+00:00\",\"dateModified\":\"2021-12-22T08:43:48+00:00\",\"description\":\"PR\u00c0CTIQUES a les empreses: \u2601 T\u2019expliquem tots els aspectes referents a les pr\u00e0ctiques de M\u00e0rqueting i Publicitat. \u2601 No t\u2019ho perdis\",\"breadcrumb\":{\"@id\":\"https:\\\/\\\/ramarfp.com\\\/ca\\\/practiques-empreses\\\/#breadcrumb\"},\"inLanguage\":\"ca\",\"potentialAction\":[{\"@type\":\"ReadAction\",\"target\":[\"https:\\\/\\\/ramarfp.com\\\/ca\\\/practiques-empreses\\\/\"]}]},{\"@type\":\"ImageObject\",\"inLanguage\":\"ca\",\"@id\":\"https:\\\/\\\/ramarfp.com\\\/ca\\\/practiques-empreses\\\/#primaryimage\",\"url\":\"https:\\\/\\\/ramarfp.com\\\/wp-content\\\/uploads\\\/2021\\\/06\\\/practicas-empresas-grado-superior-marketing-publicidad-1.jpg\",\"contentUrl\":\"https:\\\/\\\/ramarfp.com\\\/wp-content\\\/uploads\\\/2021\\\/06\\\/practicas-empresas-grado-superior-marketing-publicidad-1.jpg\",\"width\":1200,\"height\":400,\"caption\":\"Pr\u00e1cticas en empresas con el grado superior de Marketing y Publicidad\"},{\"@type\":\"BreadcrumbList\",\"@id\":\"https:\\\/\\\/ramarfp.com\\\/ca\\\/practiques-empreses\\\/#breadcrumb\",\"itemListElement\":[{\"@type\":\"ListItem\",\"position\":1,\"name\":\"Ramar FP\",\"item\":\"https:\\\/\\\/ramarfp.com\\\/ca\\\/\"},{\"@type\":\"ListItem\",\"position\":2,\"name\":\"Pr\u00e0ctiques a empreses: Grau Superior de M\u00e0rqueting i Publicitat\"}]},{\"@type\":\"WebSite\",\"@id\":\"https:\\\/\\\/ramarfp.com\\\/ca\\\/#website\",\"url\":\"https:\\\/\\\/ramarfp.com\\\/ca\\\/\",\"name\":\"Ramar FP | Formaci\u00f3n Profesional presencial y FP a distancia\",\"description\":\"\u27bd Centro Oficial Ramar FP \u27bd Presencial y a distancia \u27bd Facilidades de pago \u27bd Examinamos en toda Espa\u00f1a \u260e \u00a1Asegura tu futuro!\",\"publisher\":{\"@id\":\"https:\\\/\\\/ramarfp.com\\\/ca\\\/#organization\"},\"potentialAction\":[{\"@type\":\"SearchAction\",\"target\":{\"@type\":\"EntryPoint\",\"urlTemplate\":\"https:\\\/\\\/ramarfp.com\\\/ca\\\/?s={search_term_string}\"},\"query-input\":{\"@type\":\"PropertyValueSpecification\",\"valueRequired\":true,\"valueName\":\"search_term_string\"}}],\"inLanguage\":\"ca\"},{\"@type\":\"Organization\",\"@id\":\"https:\\\/\\\/ramarfp.com\\\/ca\\\/#organization\",\"name\":\"Ramar FP Online\",\"url\":\"https:\\\/\\\/ramarfp.com\\\/ca\\\/\",\"logo\":{\"@type\":\"ImageObject\",\"inLanguage\":\"ca\",\"@id\":\"https:\\\/\\\/ramarfp.com\\\/ca\\\/#\\\/schema\\\/logo\\\/image\\\/\",\"url\":\"https:\\\/\\\/ramarfp.com\\\/wp-content\\\/uploads\\\/2020\\\/12\\\/Logoonlinetransparent.png\",\"contentUrl\":\"https:\\\/\\\/ramarfp.com\\\/wp-content\\\/uploads\\\/2020\\\/12\\\/Logoonlinetransparent.png\",\"width\":1704,\"height\":1052,\"caption\":\"Ramar FP Online\"},\"image\":{\"@id\":\"https:\\\/\\\/ramarfp.com\\\/ca\\\/#\\\/schema\\\/logo\\\/image\\\/\"}},{\"@type\":\"Person\",\"@id\":\"https:\\\/\\\/ramarfp.com\\\/ca\\\/#\\\/schema\\\/person\\\/13b9774bca64fda306974c72c041187a\",\"name\":\"Jordi Ruiz\",\"image\":{\"@type\":\"ImageObject\",\"inLanguage\":\"ca\",\"@id\":\"https:\\\/\\\/secure.gravatar.com\\\/avatar\\\/ccea1c7432866859207356d8dfa4e4b2503e492665a614b85f4661cec60e7650?s=96&d=mm&r=g\",\"url\":\"https:\\\/\\\/secure.gravatar.com\\\/avatar\\\/ccea1c7432866859207356d8dfa4e4b2503e492665a614b85f4661cec60e7650?s=96&d=mm&r=g\",\"contentUrl\":\"https:\\\/\\\/secure.gravatar.com\\\/avatar\\\/ccea1c7432866859207356d8dfa4e4b2503e492665a614b85f4661cec60e7650?s=96&d=mm&r=g\",\"caption\":\"Jordi Ruiz\"},\"sameAs\":[\"https:\\\/\\\/x.com\\\/jordiseo\"]}]}<\/script>\n<!-- \/ Yoast SEO Premium plugin. -->","yoast_head_json":{"title":"a les EMPRESES: \u2601Grau Superior de M\u00e0rqueting i Publicitat","description":"PR\u00c0CTIQUES a les empreses: \u2601 T\u2019expliquem tots els aspectes referents a les pr\u00e0ctiques de M\u00e0rqueting i Publicitat. \u2601 No t\u2019ho perdis","robots":{"index":"index","follow":"follow","max-snippet":"max-snippet:-1","max-image-preview":"max-image-preview:large","max-video-preview":"max-video-preview:-1"},"canonical":"https:\/\/ramarfp.com\/ca\/practiques-empreses\/","og_locale":"ca_ES","og_type":"article","og_title":"Pr\u00e0ctiques a empreses: Grau Superior de M\u00e0rqueting i Publicitat","og_description":"PR\u00c0CTIQUES a les empreses: \u2601 T\u2019expliquem tots els aspectes referents a les pr\u00e0ctiques de M\u00e0rqueting i Publicitat. \u2601 No t\u2019ho perdis","og_url":"https:\/\/ramarfp.com\/ca\/practiques-empreses\/","og_site_name":"Ramar FP | Formaci\u00f3n Profesional presencial y FP a distancia","article_published_time":"2021-09-14T10:56:28+00:00","article_modified_time":"2021-12-22T08:43:48+00:00","og_image":[{"width":1200,"height":400,"url":"https:\/\/ramarfp.com\/wp-content\/uploads\/2021\/06\/practicas-empresas-grado-superior-marketing-publicidad-1.jpg","type":"image\/jpeg"}],"author":"Jordi Ruiz","twitter_card":"summary_large_image","twitter_creator":"@jordiseo","twitter_misc":{"Escrit per":"Jordi Ruiz","Temps estimat de lectura":"4 minuts"},"schema":{"@context":"https:\/\/schema.org","@graph":[{"@type":"Article","@id":"https:\/\/ramarfp.com\/ca\/practiques-empreses\/#article","isPartOf":{"@id":"https:\/\/ramarfp.com\/ca\/practiques-empreses\/"},"author":{"name":"Jordi Ruiz","@id":"https:\/\/ramarfp.com\/ca\/#\/schema\/person\/13b9774bca64fda306974c72c041187a"},"headline":"Pr\u00e0ctiques a empreses: Grau Superior de M\u00e0rqueting i Publicitat","datePublished":"2021-09-14T10:56:28+00:00","dateModified":"2021-12-22T08:43:48+00:00","mainEntityOfPage":{"@id":"https:\/\/ramarfp.com\/ca\/practiques-empreses\/"},"wordCount":847,"publisher":{"@id":"https:\/\/ramarfp.com\/ca\/#organization"},"image":{"@id":"https:\/\/ramarfp.com\/ca\/practiques-empreses\/#primaryimage"},"thumbnailUrl":"https:\/\/ramarfp.com\/wp-content\/uploads\/2021\/06\/practicas-empresas-grado-superior-marketing-publicidad-1.jpg","articleSection":["M\u00e0rqueting i Publicitat"],"inLanguage":"ca"},{"@type":"WebPage","@id":"https:\/\/ramarfp.com\/ca\/practiques-empreses\/","url":"https:\/\/ramarfp.com\/ca\/practiques-empreses\/","name":"a les EMPRESES: \u2601Grau Superior de M\u00e0rqueting i Publicitat","isPartOf":{"@id":"https:\/\/ramarfp.com\/ca\/#website"},"primaryImageOfPage":{"@id":"https:\/\/ramarfp.com\/ca\/practiques-empreses\/#primaryimage"},"image":{"@id":"https:\/\/ramarfp.com\/ca\/practiques-empreses\/#primaryimage"},"thumbnailUrl":"https:\/\/ramarfp.com\/wp-content\/uploads\/2021\/06\/practicas-empresas-grado-superior-marketing-publicidad-1.jpg","datePublished":"2021-09-14T10:56:28+00:00","dateModified":"2021-12-22T08:43:48+00:00","description":"PR\u00c0CTIQUES a les empreses: \u2601 T\u2019expliquem tots els aspectes referents a les pr\u00e0ctiques de M\u00e0rqueting i Publicitat. \u2601 No t\u2019ho perdis","breadcrumb":{"@id":"https:\/\/ramarfp.com\/ca\/practiques-empreses\/#breadcrumb"},"inLanguage":"ca","potentialAction":[{"@type":"ReadAction","target":["https:\/\/ramarfp.com\/ca\/practiques-empreses\/"]}]},{"@type":"ImageObject","inLanguage":"ca","@id":"https:\/\/ramarfp.com\/ca\/practiques-empreses\/#primaryimage","url":"https:\/\/ramarfp.com\/wp-content\/uploads\/2021\/06\/practicas-empresas-grado-superior-marketing-publicidad-1.jpg","contentUrl":"https:\/\/ramarfp.com\/wp-content\/uploads\/2021\/06\/practicas-empresas-grado-superior-marketing-publicidad-1.jpg","width":1200,"height":400,"caption":"Pr\u00e1cticas en empresas con el grado superior de Marketing y Publicidad"},{"@type":"BreadcrumbList","@id":"https:\/\/ramarfp.com\/ca\/practiques-empreses\/#breadcrumb","itemListElement":[{"@type":"ListItem","position":1,"name":"Ramar FP","item":"https:\/\/ramarfp.com\/ca\/"},{"@type":"ListItem","position":2,"name":"Pr\u00e0ctiques a empreses: Grau Superior de M\u00e0rqueting i Publicitat"}]},{"@type":"WebSite","@id":"https:\/\/ramarfp.com\/ca\/#website","url":"https:\/\/ramarfp.com\/ca\/","name":"Ramar FP | Formaci\u00f3n Profesional presencial y FP a distancia","description":"\u27bd Centro Oficial Ramar FP \u27bd Presencial y a distancia \u27bd Facilidades de pago \u27bd Examinamos en toda Espa\u00f1a \u260e \u00a1Asegura tu futuro!","publisher":{"@id":"https:\/\/ramarfp.com\/ca\/#organization"},"potentialAction":[{"@type":"SearchAction","target":{"@type":"EntryPoint","urlTemplate":"https:\/\/ramarfp.com\/ca\/?s={search_term_string}"},"query-input":{"@type":"PropertyValueSpecification","valueRequired":true,"valueName":"search_term_string"}}],"inLanguage":"ca"},{"@type":"Organization","@id":"https:\/\/ramarfp.com\/ca\/#organization","name":"Ramar FP Online","url":"https:\/\/ramarfp.com\/ca\/","logo":{"@type":"ImageObject","inLanguage":"ca","@id":"https:\/\/ramarfp.com\/ca\/#\/schema\/logo\/image\/","url":"https:\/\/ramarfp.com\/wp-content\/uploads\/2020\/12\/Logoonlinetransparent.png","contentUrl":"https:\/\/ramarfp.com\/wp-content\/uploads\/2020\/12\/Logoonlinetransparent.png","width":1704,"height":1052,"caption":"Ramar FP Online"},"image":{"@id":"https:\/\/ramarfp.com\/ca\/#\/schema\/logo\/image\/"}},{"@type":"Person","@id":"https:\/\/ramarfp.com\/ca\/#\/schema\/person\/13b9774bca64fda306974c72c041187a","name":"Jordi Ruiz","image":{"@type":"ImageObject","inLanguage":"ca","@id":"https:\/\/secure.gravatar.com\/avatar\/ccea1c7432866859207356d8dfa4e4b2503e492665a614b85f4661cec60e7650?s=96&d=mm&r=g","url":"https:\/\/secure.gravatar.com\/avatar\/ccea1c7432866859207356d8dfa4e4b2503e492665a614b85f4661cec60e7650?s=96&d=mm&r=g","contentUrl":"https:\/\/secure.gravatar.com\/avatar\/ccea1c7432866859207356d8dfa4e4b2503e492665a614b85f4661cec60e7650?s=96&d=mm&r=g","caption":"Jordi Ruiz"},"sameAs":["https:\/\/x.com\/jordiseo"]}]}},"_links":{"self":[{"href":"https:\/\/ramarfp.com\/ca\/wp-json\/wp\/v2\/posts\/10203","targetHints":{"allow":["GET"]}}],"collection":[{"href":"https:\/\/ramarfp.com\/ca\/wp-json\/wp\/v2\/posts"}],"about":[{"href":"https:\/\/ramarfp.com\/ca\/wp-json\/wp\/v2\/types\/post"}],"author":[{"embeddable":true,"href":"https:\/\/ramarfp.com\/ca\/wp-json\/wp\/v2\/users\/6"}],"replies":[{"embeddable":true,"href":"https:\/\/ramarfp.com\/ca\/wp-json\/wp\/v2\/comments?post=10203"}],"version-history":[{"count":0,"href":"https:\/\/ramarfp.com\/ca\/wp-json\/wp\/v2\/posts\/10203\/revisions"}],"wp:featuredmedia":[{"embeddable":true,"href":"https:\/\/ramarfp.com\/ca\/wp-json\/wp\/v2\/media\/8950"}],"wp:attachment":[{"href":"https:\/\/ramarfp.com\/ca\/wp-json\/wp\/v2\/media?parent=10203"}],"wp:term":[{"taxonomy":"category","embeddable":true,"href":"https:\/\/ramarfp.com\/ca\/wp-json\/wp\/v2\/categories?post=10203"},{"taxonomy":"post_tag","embeddable":true,"href":"https:\/\/ramarfp.com\/ca\/wp-json\/wp\/v2\/tags?post=10203"}],"curies":[{"name":"wp","href":"https:\/\/api.w.org\/{rel}","templated":true}]}}