{"id":10192,"date":"2021-09-14T12:52:07","date_gmt":"2021-09-14T10:52:07","guid":{"rendered":"https:\/\/ramarfp.com\/?p=10192"},"modified":"2022-01-20T12:25:18","modified_gmt":"2022-01-20T11:25:18","slug":"dedicar-te-mes-agrada","status":"publish","type":"post","link":"https:\/\/ramarfp.com\/ca\/dedicar-te-mes-agrada\/","title":{"rendered":"La Formaci\u00f3 Professional et permet dedicar-te al que m\u00e9s t\u2019agradi"},"content":{"rendered":"\t\t<div data-elementor-type=\"wp-post\" data-elementor-id=\"10192\" class=\"elementor elementor-10192\" data-elementor-post-type=\"post\">\n\t\t\t\t\t\t<section class=\"elementor-section elementor-top-section elementor-element elementor-element-efeb373 elementor-section-boxed elementor-section-height-default elementor-section-height-default\" data-id=\"efeb373\" data-element_type=\"section\" data-e-type=\"section\">\n\t\t\t\t\t\t<div class=\"elementor-container elementor-column-gap-default\">\n\t\t\t\t\t<div class=\"elementor-column elementor-col-100 elementor-top-column elementor-element elementor-element-a1dc609\" data-id=\"a1dc609\" data-element_type=\"column\" data-e-type=\"column\">\n\t\t\t<div class=\"elementor-widget-wrap elementor-element-populated\">\n\t\t\t\t\t\t<div class=\"elementor-element elementor-element-41dae01 de_scroll_animation_no elementor-widget elementor-widget-text-editor\" data-id=\"41dae01\" data-element_type=\"widget\" data-e-type=\"widget\" data-widget_type=\"text-editor.default\">\n\t\t\t\t<div class=\"elementor-widget-container\">\n\t\t\t\t\t\t\t\t\t<p>La\u00a0 <a href=\"https:\/\/ramarfp.com\/visita\/\">Formaci\u00f3 Professional<\/a> et dona la possibilitat de <em><strong>dedicar-te al que m\u00e9s t\u2019agradi<\/strong><\/em>. Aix\u00f2 \u00e9s realment important. Has de ser conscient que la major part de la teva vida ser\u00e0 a l\u2019entorn laboral. El fet de tenir la possibilitat de treballar en all\u00f2 que t\u2019apassiona marcar\u00e0 un abans i un despr\u00e9s al teu <em>background<\/em> personal i professional. I tindr\u00e0s m\u00e9s opcions a l\u2019hora d\u2019incorporar-te al m\u00f3n laboral, perqu\u00e8 els responsables de RRHH (Recursos Humans) valoren especialment els perfils laborals de persones que treballen en all\u00f2 que els agrada.\u00a0<\/p><p>La ra\u00f3 \u00e9s \u00f2bvia. Una persona que desenvolupa la seva activitat laboral fent all\u00f2 que desitja fer \u00e9s molt m\u00e9s productiva. En aquest escenari, el treballador no nom\u00e9s resulta productiu, sin\u00f3 que, a m\u00e9s, \u00e9s capa\u00e7 d\u2019aportar<strong> idees<\/strong>, resoldre problemes o tenir iniciatives lligades a la innovaci\u00f3. \u00c9s aix\u00ed perqu\u00e8, com que gaudeix amb la seva feina, \u00e9s molt m\u00e9s possible que desenrotlli\u00a0 <a href=\"https:\/\/www.lavanguardia.com\/vida\/20170124\/413654922744\/definen-habilidades-cognitivas-que-favorecen-el-aprendizaje-de-las-matematicas-en-edades-tempranas.html\">habilitats cognitives<\/a> que podr\u00e0 destinar a la millora dels processos de producci\u00f3.<\/p><h2>Dedicar-te a all\u00f2 que m\u00e9s t\u2019agrada \u00e9s possible amb l\u2019FP<\/h2><p>En aquest context, la Formaci\u00f3 Professional \u00e9s molt important perqu\u00e8 t\u2019ofereix diverses alternatives laborals. I pots escollir entre el seu <strong>ventall<\/strong> de possibilitats lectives i formatives.\u00a0 Hi trobar\u00e0s, segurament, una alternativa que s\u2019ajustar\u00e0 a les teves expectatives.\u00a0\u00a0<\/p><p>Si ja tens clar que vols dedicar-te al que m\u00e9s t\u2019agrada, \u00e9s el moment de bussejar als teus <strong>talents<\/strong> amagats. D\u2019aquesta manera, podr\u00e0s descobrir la teva vocaci\u00f3. Pensa que, si treballes en una cosa que t\u2019agrada, acabar\u00e0s fent-ho molt b\u00e9.\u00a0 I \u00e9s en aquest punt que els Cicles Formatius de Grau Mitj\u00e0 i Superior de Formaci\u00f3 Professional poden encaixar amb els teus plans de futur. Cal, doncs, que primer de tot et preguntis qu\u00e8 \u00e9s el que et sedueix.<\/p><p>T\u2019agrada la natura? Estudia per poder ser un guia del mitj\u00e0 natural. Treballar\u00e0s a l\u2019aire lliure i estar\u00e0s en contacte amb el medi ambient. A m\u00e9s podr\u00e0s difondre a les persones el teu amor por la <strong>naturalesa<\/strong>. T\u2019agrada el m\u00f3n de l\u2019empresa? Estudia el Cicle Formatiu de Grau Superior a M\u00e0rqueting i Publicitat. T\u2019obrir\u00e0 les portes a infinitat d\u2019empreses que valoren la capacitat dels professionals capa\u00e7os de donar visibilitat social als seus productes i de crear estrat\u00e8gies de venda.<\/p><p>Si et vols dedicar a l\u2019educaci\u00f3, pots estudiar el\u00a0 Cicle Formatiu de Grau Superior a Ensenyament i Animaci\u00f3 Socioesportiva. Aquesta capacitaci\u00f3 professional et pot encaminar a una infinitat de <strong>centres educatius<\/strong>.\u00a0 La formaci\u00f3 \u00e9s decisiva en qualsevol etapa de la vida. Si gaudeixes ensenyant, aquesta \u00e9s la teva opci\u00f3.<\/p><p>Qu\u00e8 tenen en com\u00fa tots aquests cursos? Tots ells s\u00f3n cursos de Formaci\u00f3 Professional.\u00a0<\/p><h3>Valor afegit<\/h3><p>S\u00f3n diverses les \u00e0rees del m\u00f3n laboral en qu\u00e8 incideix la Formaci\u00f3 Professional. En aquest sentit, es pot adaptar als desitjos d\u2019infinitat de <strong>joves<\/strong> que estan buscant la forma de poder canalitzar tota la seva creativitat professional.\u00a0 A aix\u00f2, s\u2019ha d\u2019afegir l\u2019\u00e8xit professional que garanteix aquest tipus de formaci\u00f3 vocacional. \u00c9s, per tant, un valor de m\u00e9s que cal tenir en compte a l\u2019hora de decantar-se per aquesta formaci\u00f3.<\/p><p>Els estudis de Formaci\u00f3 Professional destaquen perqu\u00e8 poden aplicar-se immediatament al m\u00f3n real. No \u00e9s una formaci\u00f3 exclusivament te\u00f2rica.\u00a0 Per aix\u00f2, aquests estudiants s\u00f3n altament valorats en qualsevol entorn professional. Els responsables de RRHH de les empreses s\u00f3n conscients que un jove d\u2019FP aporta, no nom\u00e9s una formaci\u00f3 <strong>acad\u00e8mica<\/strong> de nivell, sin\u00f3 tamb\u00e9 una capacitat d\u2019adaptaci\u00f3 r\u00e0pida i eficient. Aquests alumnes han fet durant el seu aprenentatge activitats formatives als centres de treball.<\/p><p>Si cada alumne de Formaci\u00f3 Professional opta i t\u00e9 l\u2019al\u00b7licient d\u2019estudiar el que li agrada, podr\u00e0 accedir al mercat laboral sense cap tipus de risc. De tal manera que desenrotllar\u00e0 tot el seu potencial professional justament perqu\u00e8 es dedicar\u00e0 a fer l\u2019activitat que li <strong>apassiona<\/strong>.<\/p><p>Desitgem que t\u2019hagi interessat tot el que t\u2019hem dit sobre la possibilitat de dedicar-te a una activitat laboral de <strong>Formaci\u00f3 Professional<\/strong><strong>.<\/strong> No dubtis a visitar la nostra <a href=\"https:\/\/ramarfp.com\/\">p\u00e0gina web\u00a0<\/a>per poder con\u00e8ixer m\u00e9s b\u00e9 la nostra oferta formativa.<\/p>\t\t\t\t\t\t\t\t<\/div>\n\t\t\t\t<\/div>\n\t\t\t\t\t<\/div>\n\t\t<\/div>\n\t\t\t\t\t<\/div>\n\t\t<\/section>\n\t\t\t\t<\/div>\n\t\t","protected":false},"excerpt":{"rendered":"<p>La&nbsp; Formaci\u00f3 Professional et dona la possibilitat de dedicar-te al que m\u00e9s t\u2019agradi. Aix\u00f2 \u00e9s realment important. Has de ser conscient que la major part de la teva vida ser\u00e0 a l\u2019entorn laboral. El fet de tenir la possibilitat de treballar en all\u00f2 que t\u2019apassiona marcar\u00e0 un abans i un despr\u00e9s al teu background personal [&hellip;]<\/p>\n","protected":false},"author":7,"featured_media":10194,"comment_status":"closed","ping_status":"closed","sticky":false,"template":"","format":"standard","meta":{"footnotes":""},"categories":[2],"tags":[],"class_list":["post-10192","post","type-post","status-publish","format-standard","has-post-thumbnail","hentry","category-noticies"],"yoast_head":"<!-- This site is optimized with the Yoast SEO Premium plugin v21.3 (Yoast SEO v27.5) - https:\/\/yoast.com\/product\/yoast-seo-premium-wordpress\/ -->\n<title>Claus per dedicar-te professionalment a lo que t&#039;agrada | Ramar FP<\/title>\n<meta name=\"description\" content=\"\u261e La Formaci\u00f3 Professional aporta les CLAUS per poder dedicar-te al que m\u00e9s t\u2019agrada al terreny laboral \u261e No et perdis aquests continguts.\" \/>\n<meta name=\"robots\" content=\"index, follow, max-snippet:-1, max-image-preview:large, max-video-preview:-1\" \/>\n<link rel=\"canonical\" href=\"https:\/\/ramarfp.com\/ca\/dedicar-te-mes-agrada\/\" \/>\n<meta property=\"og:locale\" content=\"ca_ES\" \/>\n<meta property=\"og:type\" content=\"article\" \/>\n<meta property=\"og:title\" content=\"La Formaci\u00f3 Professional et permet dedicar-te al que m\u00e9s t\u2019agradi\" \/>\n<meta property=\"og:description\" content=\"\u261e La Formaci\u00f3 Professional aporta les CLAUS per poder dedicar-te al que m\u00e9s t\u2019agrada al terreny laboral \u261e No et perdis aquests continguts.\" \/>\n<meta property=\"og:url\" content=\"https:\/\/ramarfp.com\/ca\/dedicar-te-mes-agrada\/\" \/>\n<meta property=\"og:site_name\" content=\"Ramar FP | Formaci\u00f3n Profesional presencial y FP a distancia\" \/>\n<meta property=\"article:published_time\" content=\"2021-09-14T10:52:07+00:00\" \/>\n<meta property=\"article:modified_time\" content=\"2022-01-20T11:25:18+00:00\" \/>\n<meta property=\"og:image\" content=\"https:\/\/ramarfp.com\/wp-content\/uploads\/2021\/09\/dedicarte.jpg\" \/>\n\t<meta property=\"og:image:width\" content=\"1200\" \/>\n\t<meta property=\"og:image:height\" content=\"400\" \/>\n\t<meta property=\"og:image:type\" content=\"image\/jpeg\" \/>\n<meta name=\"author\" content=\"Jago\" \/>\n<meta name=\"twitter:card\" content=\"summary_large_image\" \/>\n<meta name=\"twitter:label1\" content=\"Escrit per\" \/>\n\t<meta name=\"twitter:data1\" content=\"Jago\" \/>\n\t<meta name=\"twitter:label2\" content=\"Temps estimat de lectura\" \/>\n\t<meta name=\"twitter:data2\" content=\"4 minuts\" \/>\n<script type=\"application\/ld+json\" class=\"yoast-schema-graph\">{\"@context\":\"https:\\\/\\\/schema.org\",\"@graph\":[{\"@type\":\"Article\",\"@id\":\"https:\\\/\\\/ramarfp.com\\\/ca\\\/dedicar-te-mes-agrada\\\/#article\",\"isPartOf\":{\"@id\":\"https:\\\/\\\/ramarfp.com\\\/ca\\\/dedicar-te-mes-agrada\\\/\"},\"author\":{\"name\":\"Jago\",\"@id\":\"https:\\\/\\\/ramarfp.com\\\/ca\\\/#\\\/schema\\\/person\\\/801a3fa158a096b83c0d79e06da5c600\"},\"headline\":\"La Formaci\u00f3 Professional et permet dedicar-te al que m\u00e9s t\u2019agradi\",\"datePublished\":\"2021-09-14T10:52:07+00:00\",\"dateModified\":\"2022-01-20T11:25:18+00:00\",\"mainEntityOfPage\":{\"@id\":\"https:\\\/\\\/ramarfp.com\\\/ca\\\/dedicar-te-mes-agrada\\\/\"},\"wordCount\":752,\"publisher\":{\"@id\":\"https:\\\/\\\/ramarfp.com\\\/ca\\\/#organization\"},\"image\":{\"@id\":\"https:\\\/\\\/ramarfp.com\\\/ca\\\/dedicar-te-mes-agrada\\\/#primaryimage\"},\"thumbnailUrl\":\"https:\\\/\\\/ramarfp.com\\\/wp-content\\\/uploads\\\/2021\\\/09\\\/dedicarte.jpg\",\"articleSection\":[\"Not\u00edcies\"],\"inLanguage\":\"ca\"},{\"@type\":\"WebPage\",\"@id\":\"https:\\\/\\\/ramarfp.com\\\/ca\\\/dedicar-te-mes-agrada\\\/\",\"url\":\"https:\\\/\\\/ramarfp.com\\\/ca\\\/dedicar-te-mes-agrada\\\/\",\"name\":\"Claus per dedicar-te professionalment a lo que t'agrada | Ramar FP\",\"isPartOf\":{\"@id\":\"https:\\\/\\\/ramarfp.com\\\/ca\\\/#website\"},\"primaryImageOfPage\":{\"@id\":\"https:\\\/\\\/ramarfp.com\\\/ca\\\/dedicar-te-mes-agrada\\\/#primaryimage\"},\"image\":{\"@id\":\"https:\\\/\\\/ramarfp.com\\\/ca\\\/dedicar-te-mes-agrada\\\/#primaryimage\"},\"thumbnailUrl\":\"https:\\\/\\\/ramarfp.com\\\/wp-content\\\/uploads\\\/2021\\\/09\\\/dedicarte.jpg\",\"datePublished\":\"2021-09-14T10:52:07+00:00\",\"dateModified\":\"2022-01-20T11:25:18+00:00\",\"description\":\"\u261e La Formaci\u00f3 Professional aporta les CLAUS per poder dedicar-te al que m\u00e9s t\u2019agrada al terreny laboral \u261e No et perdis aquests continguts.\",\"breadcrumb\":{\"@id\":\"https:\\\/\\\/ramarfp.com\\\/ca\\\/dedicar-te-mes-agrada\\\/#breadcrumb\"},\"inLanguage\":\"ca\",\"potentialAction\":[{\"@type\":\"ReadAction\",\"target\":[\"https:\\\/\\\/ramarfp.com\\\/ca\\\/dedicar-te-mes-agrada\\\/\"]}]},{\"@type\":\"ImageObject\",\"inLanguage\":\"ca\",\"@id\":\"https:\\\/\\\/ramarfp.com\\\/ca\\\/dedicar-te-mes-agrada\\\/#primaryimage\",\"url\":\"https:\\\/\\\/ramarfp.com\\\/wp-content\\\/uploads\\\/2021\\\/09\\\/dedicarte.jpg\",\"contentUrl\":\"https:\\\/\\\/ramarfp.com\\\/wp-content\\\/uploads\\\/2021\\\/09\\\/dedicarte.jpg\",\"width\":1200,\"height\":400,\"caption\":\"La Formaci\u00f3 Professional et permet dedicar-te al que m\u00e9s t\u2019agradi\"},{\"@type\":\"BreadcrumbList\",\"@id\":\"https:\\\/\\\/ramarfp.com\\\/ca\\\/dedicar-te-mes-agrada\\\/#breadcrumb\",\"itemListElement\":[{\"@type\":\"ListItem\",\"position\":1,\"name\":\"Ramar FP\",\"item\":\"https:\\\/\\\/ramarfp.com\\\/ca\\\/\"},{\"@type\":\"ListItem\",\"position\":2,\"name\":\"La Formaci\u00f3 Professional et permet dedicar-te al que m\u00e9s t\u2019agradi\"}]},{\"@type\":\"WebSite\",\"@id\":\"https:\\\/\\\/ramarfp.com\\\/ca\\\/#website\",\"url\":\"https:\\\/\\\/ramarfp.com\\\/ca\\\/\",\"name\":\"Ramar FP | Formaci\u00f3n Profesional presencial y FP a distancia\",\"description\":\"\u27bd Centro Oficial Ramar FP \u27bd Presencial y a distancia \u27bd Facilidades de pago \u27bd Examinamos en toda Espa\u00f1a \u260e \u00a1Asegura tu futuro!\",\"publisher\":{\"@id\":\"https:\\\/\\\/ramarfp.com\\\/ca\\\/#organization\"},\"potentialAction\":[{\"@type\":\"SearchAction\",\"target\":{\"@type\":\"EntryPoint\",\"urlTemplate\":\"https:\\\/\\\/ramarfp.com\\\/ca\\\/?s={search_term_string}\"},\"query-input\":{\"@type\":\"PropertyValueSpecification\",\"valueRequired\":true,\"valueName\":\"search_term_string\"}}],\"inLanguage\":\"ca\"},{\"@type\":\"Organization\",\"@id\":\"https:\\\/\\\/ramarfp.com\\\/ca\\\/#organization\",\"name\":\"Ramar FP Online\",\"url\":\"https:\\\/\\\/ramarfp.com\\\/ca\\\/\",\"logo\":{\"@type\":\"ImageObject\",\"inLanguage\":\"ca\",\"@id\":\"https:\\\/\\\/ramarfp.com\\\/ca\\\/#\\\/schema\\\/logo\\\/image\\\/\",\"url\":\"https:\\\/\\\/ramarfp.com\\\/wp-content\\\/uploads\\\/2020\\\/12\\\/Logoonlinetransparent.png\",\"contentUrl\":\"https:\\\/\\\/ramarfp.com\\\/wp-content\\\/uploads\\\/2020\\\/12\\\/Logoonlinetransparent.png\",\"width\":1704,\"height\":1052,\"caption\":\"Ramar FP Online\"},\"image\":{\"@id\":\"https:\\\/\\\/ramarfp.com\\\/ca\\\/#\\\/schema\\\/logo\\\/image\\\/\"}},{\"@type\":\"Person\",\"@id\":\"https:\\\/\\\/ramarfp.com\\\/ca\\\/#\\\/schema\\\/person\\\/801a3fa158a096b83c0d79e06da5c600\",\"name\":\"Jago\",\"image\":{\"@type\":\"ImageObject\",\"inLanguage\":\"ca\",\"@id\":\"https:\\\/\\\/secure.gravatar.com\\\/avatar\\\/4e7391d5e6115e5f475140f8ce495e9dc02feecaf0f5a32b3babbe0305366ed9?s=96&d=mm&r=g\",\"url\":\"https:\\\/\\\/secure.gravatar.com\\\/avatar\\\/4e7391d5e6115e5f475140f8ce495e9dc02feecaf0f5a32b3babbe0305366ed9?s=96&d=mm&r=g\",\"contentUrl\":\"https:\\\/\\\/secure.gravatar.com\\\/avatar\\\/4e7391d5e6115e5f475140f8ce495e9dc02feecaf0f5a32b3babbe0305366ed9?s=96&d=mm&r=g\",\"caption\":\"Jago\"}}]}<\/script>\n<!-- \/ Yoast SEO Premium plugin. -->","yoast_head_json":{"title":"Claus per dedicar-te professionalment a lo que t'agrada | Ramar FP","description":"\u261e La Formaci\u00f3 Professional aporta les CLAUS per poder dedicar-te al que m\u00e9s t\u2019agrada al terreny laboral \u261e No et perdis aquests continguts.","robots":{"index":"index","follow":"follow","max-snippet":"max-snippet:-1","max-image-preview":"max-image-preview:large","max-video-preview":"max-video-preview:-1"},"canonical":"https:\/\/ramarfp.com\/ca\/dedicar-te-mes-agrada\/","og_locale":"ca_ES","og_type":"article","og_title":"La Formaci\u00f3 Professional et permet dedicar-te al que m\u00e9s t\u2019agradi","og_description":"\u261e La Formaci\u00f3 Professional aporta les CLAUS per poder dedicar-te al que m\u00e9s t\u2019agrada al terreny laboral \u261e No et perdis aquests continguts.","og_url":"https:\/\/ramarfp.com\/ca\/dedicar-te-mes-agrada\/","og_site_name":"Ramar FP | Formaci\u00f3n Profesional presencial y FP a distancia","article_published_time":"2021-09-14T10:52:07+00:00","article_modified_time":"2022-01-20T11:25:18+00:00","og_image":[{"width":1200,"height":400,"url":"https:\/\/ramarfp.com\/wp-content\/uploads\/2021\/09\/dedicarte.jpg","type":"image\/jpeg"}],"author":"Jago","twitter_card":"summary_large_image","twitter_misc":{"Escrit per":"Jago","Temps estimat de lectura":"4 minuts"},"schema":{"@context":"https:\/\/schema.org","@graph":[{"@type":"Article","@id":"https:\/\/ramarfp.com\/ca\/dedicar-te-mes-agrada\/#article","isPartOf":{"@id":"https:\/\/ramarfp.com\/ca\/dedicar-te-mes-agrada\/"},"author":{"name":"Jago","@id":"https:\/\/ramarfp.com\/ca\/#\/schema\/person\/801a3fa158a096b83c0d79e06da5c600"},"headline":"La Formaci\u00f3 Professional et permet dedicar-te al que m\u00e9s t\u2019agradi","datePublished":"2021-09-14T10:52:07+00:00","dateModified":"2022-01-20T11:25:18+00:00","mainEntityOfPage":{"@id":"https:\/\/ramarfp.com\/ca\/dedicar-te-mes-agrada\/"},"wordCount":752,"publisher":{"@id":"https:\/\/ramarfp.com\/ca\/#organization"},"image":{"@id":"https:\/\/ramarfp.com\/ca\/dedicar-te-mes-agrada\/#primaryimage"},"thumbnailUrl":"https:\/\/ramarfp.com\/wp-content\/uploads\/2021\/09\/dedicarte.jpg","articleSection":["Not\u00edcies"],"inLanguage":"ca"},{"@type":"WebPage","@id":"https:\/\/ramarfp.com\/ca\/dedicar-te-mes-agrada\/","url":"https:\/\/ramarfp.com\/ca\/dedicar-te-mes-agrada\/","name":"Claus per dedicar-te professionalment a lo que t'agrada | Ramar FP","isPartOf":{"@id":"https:\/\/ramarfp.com\/ca\/#website"},"primaryImageOfPage":{"@id":"https:\/\/ramarfp.com\/ca\/dedicar-te-mes-agrada\/#primaryimage"},"image":{"@id":"https:\/\/ramarfp.com\/ca\/dedicar-te-mes-agrada\/#primaryimage"},"thumbnailUrl":"https:\/\/ramarfp.com\/wp-content\/uploads\/2021\/09\/dedicarte.jpg","datePublished":"2021-09-14T10:52:07+00:00","dateModified":"2022-01-20T11:25:18+00:00","description":"\u261e La Formaci\u00f3 Professional aporta les CLAUS per poder dedicar-te al que m\u00e9s t\u2019agrada al terreny laboral \u261e No et perdis aquests continguts.","breadcrumb":{"@id":"https:\/\/ramarfp.com\/ca\/dedicar-te-mes-agrada\/#breadcrumb"},"inLanguage":"ca","potentialAction":[{"@type":"ReadAction","target":["https:\/\/ramarfp.com\/ca\/dedicar-te-mes-agrada\/"]}]},{"@type":"ImageObject","inLanguage":"ca","@id":"https:\/\/ramarfp.com\/ca\/dedicar-te-mes-agrada\/#primaryimage","url":"https:\/\/ramarfp.com\/wp-content\/uploads\/2021\/09\/dedicarte.jpg","contentUrl":"https:\/\/ramarfp.com\/wp-content\/uploads\/2021\/09\/dedicarte.jpg","width":1200,"height":400,"caption":"La Formaci\u00f3 Professional et permet dedicar-te al que m\u00e9s t\u2019agradi"},{"@type":"BreadcrumbList","@id":"https:\/\/ramarfp.com\/ca\/dedicar-te-mes-agrada\/#breadcrumb","itemListElement":[{"@type":"ListItem","position":1,"name":"Ramar FP","item":"https:\/\/ramarfp.com\/ca\/"},{"@type":"ListItem","position":2,"name":"La Formaci\u00f3 Professional et permet dedicar-te al que m\u00e9s t\u2019agradi"}]},{"@type":"WebSite","@id":"https:\/\/ramarfp.com\/ca\/#website","url":"https:\/\/ramarfp.com\/ca\/","name":"Ramar FP | Formaci\u00f3n Profesional presencial y FP a distancia","description":"\u27bd Centro Oficial Ramar FP \u27bd Presencial y a distancia \u27bd Facilidades de pago \u27bd Examinamos en toda Espa\u00f1a \u260e \u00a1Asegura tu futuro!","publisher":{"@id":"https:\/\/ramarfp.com\/ca\/#organization"},"potentialAction":[{"@type":"SearchAction","target":{"@type":"EntryPoint","urlTemplate":"https:\/\/ramarfp.com\/ca\/?s={search_term_string}"},"query-input":{"@type":"PropertyValueSpecification","valueRequired":true,"valueName":"search_term_string"}}],"inLanguage":"ca"},{"@type":"Organization","@id":"https:\/\/ramarfp.com\/ca\/#organization","name":"Ramar FP Online","url":"https:\/\/ramarfp.com\/ca\/","logo":{"@type":"ImageObject","inLanguage":"ca","@id":"https:\/\/ramarfp.com\/ca\/#\/schema\/logo\/image\/","url":"https:\/\/ramarfp.com\/wp-content\/uploads\/2020\/12\/Logoonlinetransparent.png","contentUrl":"https:\/\/ramarfp.com\/wp-content\/uploads\/2020\/12\/Logoonlinetransparent.png","width":1704,"height":1052,"caption":"Ramar FP Online"},"image":{"@id":"https:\/\/ramarfp.com\/ca\/#\/schema\/logo\/image\/"}},{"@type":"Person","@id":"https:\/\/ramarfp.com\/ca\/#\/schema\/person\/801a3fa158a096b83c0d79e06da5c600","name":"Jago","image":{"@type":"ImageObject","inLanguage":"ca","@id":"https:\/\/secure.gravatar.com\/avatar\/4e7391d5e6115e5f475140f8ce495e9dc02feecaf0f5a32b3babbe0305366ed9?s=96&d=mm&r=g","url":"https:\/\/secure.gravatar.com\/avatar\/4e7391d5e6115e5f475140f8ce495e9dc02feecaf0f5a32b3babbe0305366ed9?s=96&d=mm&r=g","contentUrl":"https:\/\/secure.gravatar.com\/avatar\/4e7391d5e6115e5f475140f8ce495e9dc02feecaf0f5a32b3babbe0305366ed9?s=96&d=mm&r=g","caption":"Jago"}}]}},"_links":{"self":[{"href":"https:\/\/ramarfp.com\/ca\/wp-json\/wp\/v2\/posts\/10192","targetHints":{"allow":["GET"]}}],"collection":[{"href":"https:\/\/ramarfp.com\/ca\/wp-json\/wp\/v2\/posts"}],"about":[{"href":"https:\/\/ramarfp.com\/ca\/wp-json\/wp\/v2\/types\/post"}],"author":[{"embeddable":true,"href":"https:\/\/ramarfp.com\/ca\/wp-json\/wp\/v2\/users\/7"}],"replies":[{"embeddable":true,"href":"https:\/\/ramarfp.com\/ca\/wp-json\/wp\/v2\/comments?post=10192"}],"version-history":[{"count":0,"href":"https:\/\/ramarfp.com\/ca\/wp-json\/wp\/v2\/posts\/10192\/revisions"}],"wp:featuredmedia":[{"embeddable":true,"href":"https:\/\/ramarfp.com\/ca\/wp-json\/wp\/v2\/media\/10194"}],"wp:attachment":[{"href":"https:\/\/ramarfp.com\/ca\/wp-json\/wp\/v2\/media?parent=10192"}],"wp:term":[{"taxonomy":"category","embeddable":true,"href":"https:\/\/ramarfp.com\/ca\/wp-json\/wp\/v2\/categories?post=10192"},{"taxonomy":"post_tag","embeddable":true,"href":"https:\/\/ramarfp.com\/ca\/wp-json\/wp\/v2\/tags?post=10192"}],"curies":[{"name":"wp","href":"https:\/\/api.w.org\/{rel}","templated":true}]}}