{"id":10186,"date":"2021-09-14T12:48:45","date_gmt":"2021-09-14T10:48:45","guid":{"rendered":"https:\/\/ramarfp.com\/?p=10186"},"modified":"2021-09-14T12:49:37","modified_gmt":"2021-09-14T10:49:37","slug":"fp-distancia","status":"publish","type":"post","link":"https:\/\/ramarfp.com\/ca\/fp-distancia\/","title":{"rendered":"Oportunitats laborals despr\u00e9s d\u2019estudiar una FP a dist\u00e0ncia"},"content":{"rendered":"\t\t<div data-elementor-type=\"wp-post\" data-elementor-id=\"10186\" class=\"elementor elementor-10186\" data-elementor-post-type=\"post\">\n\t\t\t\t\t\t<section class=\"elementor-section elementor-top-section elementor-element elementor-element-d184d08 elementor-section-boxed elementor-section-height-default elementor-section-height-default\" data-id=\"d184d08\" data-element_type=\"section\" data-e-type=\"section\">\n\t\t\t\t\t\t<div class=\"elementor-container elementor-column-gap-default\">\n\t\t\t\t\t<div class=\"elementor-column elementor-col-100 elementor-top-column elementor-element elementor-element-394c983\" data-id=\"394c983\" data-element_type=\"column\" data-e-type=\"column\">\n\t\t\t<div class=\"elementor-widget-wrap elementor-element-populated\">\n\t\t\t\t\t\t<div class=\"elementor-element elementor-element-548f377 de_scroll_animation_no elementor-widget elementor-widget-text-editor\" data-id=\"548f377\" data-element_type=\"widget\" data-e-type=\"widget\" data-widget_type=\"text-editor.default\">\n\t\t\t\t<div class=\"elementor-widget-container\">\n\t\t\t\t\t\t\t\t\t<p>L\u2019<strong><em>FP a dist\u00e0ncia <\/em><\/strong>\u00e9s una de les alternatives en mat\u00e8ria de formaci\u00f3 que m\u00e9s oportunitats laborals genera al mercat. I aix\u00f2 ha estat especialment cert durant la pand\u00e8mia, tot i que abans de l\u2019impacte de la Covid-19 a les nostres vides la <a href=\"https:\/\/www.magisnet.com\/2021\/06\/el-espectacular-ascenso-de-la-formacion-profesional-a-distancia\/\">formaci\u00f3 a dist\u00e0ncia<\/a> ja havia agafat molta volada. La tecnologia, doncs, ha demostrat una altra vegada que \u00e9s una palanca decisiva per al desenvolupament econ\u00f2mic i social. Per aquesta ra\u00f3 i d\u2019altres que anirem comentant, s\u00f3n moltes les oportunitats laborals que se\u2019ns obren despr\u00e9s d\u2019estudiar una FP a dist\u00e0ncia. Aix\u00f2 \u00e9s aix\u00ed perqu\u00e8 la societat reclama un <a href=\"https:\/\/elpais.com\/economia\/2019\/08\/21\/actualidad\/1566384239_006275.html\">teixit laboral<\/a> en qu\u00e8 els joves protagonitzin un canvi de cicle i puguin desenrotllar tot el seu potencial.<\/p><h2>Ascens de l\u2019FP a dist\u00e0ncia<\/h2><ul><li>Les oportunitats laborals, un cop obtingut un t\u00edtol d\u2019FP a dist\u00e0ncia, augmenten substancialment, perqu\u00e8 els joves que han cursat aquest grau des de casa seva han adquirit uns valors formatius afegits que poden no constar en el curr\u00edculum d\u2019un jove que ha estudiat de forma presencial. Han adquirit\u00a0 disciplina i planificaci\u00f3 i han apr\u00e8s a compaginar les seves obligacions educatives amb la resta de la seva agenda personal. Aquests valors s\u00f3n molt apreciats a les empreses, perqu\u00e8 aquests joves han aconseguit implementar unes rutines productives que fomenten <strong>valores que s\u00f3n actius<\/strong> en un context laboral.<\/li><li>La Formaci\u00f3 Professional \u00e9s una de les vies m\u00e9s directes per aconseguir un lloc de treball. I ho \u00e9s pel que representa per si mateixa. Els alumnes, per obtenir un t\u00edtol d\u2019FP,\u00a0 no en tenen prou amb els coneixements acad\u00e8mics. Poden demostrar que estan capacitats per rendir satisfact\u00f2riament en un lloc de treball des del primer minut perqu\u00e8, en aquest tipus d\u2019ensenyament,\u00a0 aprenen a millorar cont\u00ednuament les seves aptituds a les pr\u00e0ctiques professionals. Aquests alumnes reben uns coneixements te\u00f2rics de qualitat, per\u00f2 sempre destinats a cobrir les <strong>necessitats reals del mercat<\/strong> de treball. \u00c9s per aix\u00f2 que trobar feina no els significa cap problema.<\/li><li>Els cicles formatius m\u00e9s demanats i amb m\u00e9s sortides professionals s\u00f3n els d\u2019Administraci\u00f3 i Finances i M\u00e0rqueting i Publicitat. Per tant, plantejar-se una carrera professional al marc d\u2019un d\u2019aquests dos cicles formatius \u00e9s una aposta segura si es vol trobar feina i consolidar-la amb el pas del temps. En definitiva, es tracta de<strong> tenir continu\u00eftat <\/strong>al mercat laboral quan es porti a terme una determinada activitat professional.<\/li><li>En aquest sentit, s\u00f3n moltes les oportunitats laborals despr\u00e9s d\u2019estudiar un cicle formatiu d\u2019FP a dist\u00e0ncia. Els alumnes <strong>adquireixen els h\u00e0bits necessaris per poder teletreballar <\/strong>i el contacte constant amb les noves tecnologies de la comunicaci\u00f3 i de la informaci\u00f3 els garanteixen una capacitaci\u00f3 molt satisfact\u00f2ria.<\/li><\/ul><h2>Opcions alternatives<\/h2><ul><li>L\u2019haver obtingut un t\u00edtol d\u2019FP a dist\u00e0ncia dona grans possibilitats d\u2019inserci\u00f3 al mercat laboral. Per\u00f2 tamb\u00e9 cal parlar de les portes que obre aquesta <strong>opci\u00f3 formativa <\/strong>al coneixement global. En aquest sentit, el t\u00edtol serveix per obtenir m\u00e9s graus formatius en altres \u00e0mbits i per potenciar el nivell intel\u00b7lectual dels alumnes. Amb aquest t\u00edtol, un estudiant pot accedir a la Universitat per cursar una carrera. Tamb\u00e9 pot estudiar un M\u00e0ster o un Doctorat. Aquests estudis dibuixaran per a aquests alumnes uns escenaris molt atractius per al seu desenvolupament professional i personal.<\/li><li>I, a m\u00e9s, amb aquest t\u00edtol tamb\u00e9 es pot accedir a l\u2019<strong>oferta de ensenyament <\/strong>del\u00a0Servei d\u2019Ocupaci\u00f3 i Formaci\u00f3 (SEF) per poder continuar amb l\u2019aprenentatge i amb la millora del seu potencial. Tanmateix, \u00e9s l\u2019alumne qui ha de valorar aquestes alternatives, atenent als seus projectes de futur.<\/li><\/ul><p>\u00a0<\/p><p>El teu futur comen\u00e7a a les aules. <a href=\"https:\/\/ramarfp.com\/\">Ramar FP <\/a>t\u2019acompanyar\u00e0, et guiar\u00e0 i t\u2019ajudar\u00e0 a formar-te en aquest moment tan important de la teva vida. Un cop hagis integrat aquesta formaci\u00f3, ja no ser\u00e0s mai m\u00e9s la mateixa persona. La teva manera de veure el m\u00f3n es transformar\u00e0 per a sempre. Nosaltres <strong>t\u2019ensenyem el cam\u00ed perqu\u00e8 puguis reeixir <\/strong>al mercat laboral i perqu\u00e8 et forgis un futur ple d\u2019oportunitats. L\u2019FP a dist\u00e0ncia t\u2019obre un ventall de possibilitats laborals. I, ara, sense l\u00edmits, perqu\u00e8 la formaci\u00f3 <em>online <\/em>marca un abans i un despr\u00e9s en aquest proc\u00e9s tan apassionant. Visita la nostra p\u00e0gina web si vols tenir m\u00e9s informaci\u00f3!<\/p>\t\t\t\t\t\t\t\t<\/div>\n\t\t\t\t<\/div>\n\t\t\t\t\t<\/div>\n\t\t<\/div>\n\t\t\t\t\t<\/div>\n\t\t<\/section>\n\t\t\t\t<\/div>\n\t\t","protected":false},"excerpt":{"rendered":"<p>L\u2019FP a dist\u00e0ncia \u00e9s una de les alternatives en mat\u00e8ria de formaci\u00f3 que m\u00e9s oportunitats laborals genera al mercat. I aix\u00f2 ha estat especialment cert durant la pand\u00e8mia, tot i que abans de l\u2019impacte de la Covid-19 a les nostres vides la formaci\u00f3 a dist\u00e0ncia ja havia agafat molta volada. La tecnologia, doncs, ha demostrat [&hellip;]<\/p>\n","protected":false},"author":7,"featured_media":10164,"comment_status":"closed","ping_status":"closed","sticky":false,"template":"","format":"standard","meta":{"footnotes":""},"categories":[2],"tags":[],"class_list":["post-10186","post","type-post","status-publish","format-standard","has-post-thumbnail","hentry","category-noticies"],"yoast_head":"<!-- This site is optimized with the Yoast SEO Premium plugin v21.3 (Yoast SEO v27.5) - https:\/\/yoast.com\/product\/yoast-seo-premium-wordpress\/ -->\n<title>FP a DIST\u00c0NCIA: \u275d No et perdis un brillant futur laboral.<\/title>\n<meta name=\"description\" content=\"FP a DIST\u00c0NCIA: \u275d No et perdis les oportunitats laborals i les opcions d\u2019inserci\u00f3 despr\u00e9s d\u2019estudiar Formaci\u00f3 Professional \u275d\" \/>\n<meta name=\"robots\" content=\"index, follow, max-snippet:-1, max-image-preview:large, max-video-preview:-1\" \/>\n<link rel=\"canonical\" href=\"https:\/\/ramarfp.com\/ca\/fp-distancia\/\" \/>\n<meta property=\"og:locale\" content=\"ca_ES\" \/>\n<meta property=\"og:type\" content=\"article\" \/>\n<meta property=\"og:title\" content=\"Oportunitats laborals despr\u00e9s d\u2019estudiar una FP a dist\u00e0ncia\" \/>\n<meta property=\"og:description\" content=\"FP a DIST\u00c0NCIA: \u275d No et perdis les oportunitats laborals i les opcions d\u2019inserci\u00f3 despr\u00e9s d\u2019estudiar Formaci\u00f3 Professional \u275d\" \/>\n<meta property=\"og:url\" content=\"https:\/\/ramarfp.com\/ca\/fp-distancia\/\" \/>\n<meta property=\"og:site_name\" content=\"Ramar FP | Formaci\u00f3n Profesional presencial y FP a distancia\" \/>\n<meta property=\"article:published_time\" content=\"2021-09-14T10:48:45+00:00\" \/>\n<meta property=\"article:modified_time\" content=\"2021-09-14T10:49:37+00:00\" \/>\n<meta property=\"og:image\" content=\"https:\/\/ramarfp.com\/wp-content\/uploads\/2021\/09\/distancia.jpg\" \/>\n\t<meta property=\"og:image:width\" content=\"1200\" \/>\n\t<meta property=\"og:image:height\" content=\"400\" \/>\n\t<meta property=\"og:image:type\" content=\"image\/jpeg\" \/>\n<meta name=\"author\" content=\"Jago\" \/>\n<meta name=\"twitter:card\" content=\"summary_large_image\" \/>\n<meta name=\"twitter:label1\" content=\"Escrit per\" \/>\n\t<meta name=\"twitter:data1\" content=\"Jago\" \/>\n\t<meta name=\"twitter:label2\" content=\"Temps estimat de lectura\" \/>\n\t<meta name=\"twitter:data2\" content=\"3 minuts\" \/>\n<script type=\"application\/ld+json\" class=\"yoast-schema-graph\">{\"@context\":\"https:\\\/\\\/schema.org\",\"@graph\":[{\"@type\":\"Article\",\"@id\":\"https:\\\/\\\/ramarfp.com\\\/ca\\\/fp-distancia\\\/#article\",\"isPartOf\":{\"@id\":\"https:\\\/\\\/ramarfp.com\\\/ca\\\/fp-distancia\\\/\"},\"author\":{\"name\":\"Jago\",\"@id\":\"https:\\\/\\\/ramarfp.com\\\/ca\\\/#\\\/schema\\\/person\\\/801a3fa158a096b83c0d79e06da5c600\"},\"headline\":\"Oportunitats laborals despr\u00e9s d\u2019estudiar una FP a dist\u00e0ncia\",\"datePublished\":\"2021-09-14T10:48:45+00:00\",\"dateModified\":\"2021-09-14T10:49:37+00:00\",\"mainEntityOfPage\":{\"@id\":\"https:\\\/\\\/ramarfp.com\\\/ca\\\/fp-distancia\\\/\"},\"wordCount\":772,\"publisher\":{\"@id\":\"https:\\\/\\\/ramarfp.com\\\/ca\\\/#organization\"},\"image\":{\"@id\":\"https:\\\/\\\/ramarfp.com\\\/ca\\\/fp-distancia\\\/#primaryimage\"},\"thumbnailUrl\":\"https:\\\/\\\/ramarfp.com\\\/wp-content\\\/uploads\\\/2021\\\/09\\\/distancia.jpg\",\"articleSection\":[\"Not\u00edcies\"],\"inLanguage\":\"ca\"},{\"@type\":\"WebPage\",\"@id\":\"https:\\\/\\\/ramarfp.com\\\/ca\\\/fp-distancia\\\/\",\"url\":\"https:\\\/\\\/ramarfp.com\\\/ca\\\/fp-distancia\\\/\",\"name\":\"FP a DIST\u00c0NCIA: \u275d No et perdis un brillant futur laboral.\",\"isPartOf\":{\"@id\":\"https:\\\/\\\/ramarfp.com\\\/ca\\\/#website\"},\"primaryImageOfPage\":{\"@id\":\"https:\\\/\\\/ramarfp.com\\\/ca\\\/fp-distancia\\\/#primaryimage\"},\"image\":{\"@id\":\"https:\\\/\\\/ramarfp.com\\\/ca\\\/fp-distancia\\\/#primaryimage\"},\"thumbnailUrl\":\"https:\\\/\\\/ramarfp.com\\\/wp-content\\\/uploads\\\/2021\\\/09\\\/distancia.jpg\",\"datePublished\":\"2021-09-14T10:48:45+00:00\",\"dateModified\":\"2021-09-14T10:49:37+00:00\",\"description\":\"FP a DIST\u00c0NCIA: \u275d No et perdis les oportunitats laborals i les opcions d\u2019inserci\u00f3 despr\u00e9s d\u2019estudiar Formaci\u00f3 Professional \u275d\",\"breadcrumb\":{\"@id\":\"https:\\\/\\\/ramarfp.com\\\/ca\\\/fp-distancia\\\/#breadcrumb\"},\"inLanguage\":\"ca\",\"potentialAction\":[{\"@type\":\"ReadAction\",\"target\":[\"https:\\\/\\\/ramarfp.com\\\/ca\\\/fp-distancia\\\/\"]}]},{\"@type\":\"ImageObject\",\"inLanguage\":\"ca\",\"@id\":\"https:\\\/\\\/ramarfp.com\\\/ca\\\/fp-distancia\\\/#primaryimage\",\"url\":\"https:\\\/\\\/ramarfp.com\\\/wp-content\\\/uploads\\\/2021\\\/09\\\/distancia.jpg\",\"contentUrl\":\"https:\\\/\\\/ramarfp.com\\\/wp-content\\\/uploads\\\/2021\\\/09\\\/distancia.jpg\",\"width\":1200,\"height\":400,\"caption\":\"Els 5 objectius de la formaci\u00f3 professional a dist\u00e0ncia\"},{\"@type\":\"BreadcrumbList\",\"@id\":\"https:\\\/\\\/ramarfp.com\\\/ca\\\/fp-distancia\\\/#breadcrumb\",\"itemListElement\":[{\"@type\":\"ListItem\",\"position\":1,\"name\":\"Ramar FP\",\"item\":\"https:\\\/\\\/ramarfp.com\\\/ca\\\/\"},{\"@type\":\"ListItem\",\"position\":2,\"name\":\"Oportunitats laborals despr\u00e9s d\u2019estudiar una FP a dist\u00e0ncia\"}]},{\"@type\":\"WebSite\",\"@id\":\"https:\\\/\\\/ramarfp.com\\\/ca\\\/#website\",\"url\":\"https:\\\/\\\/ramarfp.com\\\/ca\\\/\",\"name\":\"Ramar FP | Formaci\u00f3n Profesional presencial y FP a distancia\",\"description\":\"\u27bd Centro Oficial Ramar FP \u27bd Presencial y a distancia \u27bd Facilidades de pago \u27bd Examinamos en toda Espa\u00f1a \u260e \u00a1Asegura tu futuro!\",\"publisher\":{\"@id\":\"https:\\\/\\\/ramarfp.com\\\/ca\\\/#organization\"},\"potentialAction\":[{\"@type\":\"SearchAction\",\"target\":{\"@type\":\"EntryPoint\",\"urlTemplate\":\"https:\\\/\\\/ramarfp.com\\\/ca\\\/?s={search_term_string}\"},\"query-input\":{\"@type\":\"PropertyValueSpecification\",\"valueRequired\":true,\"valueName\":\"search_term_string\"}}],\"inLanguage\":\"ca\"},{\"@type\":\"Organization\",\"@id\":\"https:\\\/\\\/ramarfp.com\\\/ca\\\/#organization\",\"name\":\"Ramar FP Online\",\"url\":\"https:\\\/\\\/ramarfp.com\\\/ca\\\/\",\"logo\":{\"@type\":\"ImageObject\",\"inLanguage\":\"ca\",\"@id\":\"https:\\\/\\\/ramarfp.com\\\/ca\\\/#\\\/schema\\\/logo\\\/image\\\/\",\"url\":\"https:\\\/\\\/ramarfp.com\\\/wp-content\\\/uploads\\\/2020\\\/12\\\/Logoonlinetransparent.png\",\"contentUrl\":\"https:\\\/\\\/ramarfp.com\\\/wp-content\\\/uploads\\\/2020\\\/12\\\/Logoonlinetransparent.png\",\"width\":1704,\"height\":1052,\"caption\":\"Ramar FP Online\"},\"image\":{\"@id\":\"https:\\\/\\\/ramarfp.com\\\/ca\\\/#\\\/schema\\\/logo\\\/image\\\/\"}},{\"@type\":\"Person\",\"@id\":\"https:\\\/\\\/ramarfp.com\\\/ca\\\/#\\\/schema\\\/person\\\/801a3fa158a096b83c0d79e06da5c600\",\"name\":\"Jago\",\"image\":{\"@type\":\"ImageObject\",\"inLanguage\":\"ca\",\"@id\":\"https:\\\/\\\/secure.gravatar.com\\\/avatar\\\/4e7391d5e6115e5f475140f8ce495e9dc02feecaf0f5a32b3babbe0305366ed9?s=96&d=mm&r=g\",\"url\":\"https:\\\/\\\/secure.gravatar.com\\\/avatar\\\/4e7391d5e6115e5f475140f8ce495e9dc02feecaf0f5a32b3babbe0305366ed9?s=96&d=mm&r=g\",\"contentUrl\":\"https:\\\/\\\/secure.gravatar.com\\\/avatar\\\/4e7391d5e6115e5f475140f8ce495e9dc02feecaf0f5a32b3babbe0305366ed9?s=96&d=mm&r=g\",\"caption\":\"Jago\"}}]}<\/script>\n<!-- \/ Yoast SEO Premium plugin. -->","yoast_head_json":{"title":"FP a DIST\u00c0NCIA: \u275d No et perdis un brillant futur laboral.","description":"FP a DIST\u00c0NCIA: \u275d No et perdis les oportunitats laborals i les opcions d\u2019inserci\u00f3 despr\u00e9s d\u2019estudiar Formaci\u00f3 Professional \u275d","robots":{"index":"index","follow":"follow","max-snippet":"max-snippet:-1","max-image-preview":"max-image-preview:large","max-video-preview":"max-video-preview:-1"},"canonical":"https:\/\/ramarfp.com\/ca\/fp-distancia\/","og_locale":"ca_ES","og_type":"article","og_title":"Oportunitats laborals despr\u00e9s d\u2019estudiar una FP a dist\u00e0ncia","og_description":"FP a DIST\u00c0NCIA: \u275d No et perdis les oportunitats laborals i les opcions d\u2019inserci\u00f3 despr\u00e9s d\u2019estudiar Formaci\u00f3 Professional \u275d","og_url":"https:\/\/ramarfp.com\/ca\/fp-distancia\/","og_site_name":"Ramar FP | Formaci\u00f3n Profesional presencial y FP a distancia","article_published_time":"2021-09-14T10:48:45+00:00","article_modified_time":"2021-09-14T10:49:37+00:00","og_image":[{"width":1200,"height":400,"url":"https:\/\/ramarfp.com\/wp-content\/uploads\/2021\/09\/distancia.jpg","type":"image\/jpeg"}],"author":"Jago","twitter_card":"summary_large_image","twitter_misc":{"Escrit per":"Jago","Temps estimat de lectura":"3 minuts"},"schema":{"@context":"https:\/\/schema.org","@graph":[{"@type":"Article","@id":"https:\/\/ramarfp.com\/ca\/fp-distancia\/#article","isPartOf":{"@id":"https:\/\/ramarfp.com\/ca\/fp-distancia\/"},"author":{"name":"Jago","@id":"https:\/\/ramarfp.com\/ca\/#\/schema\/person\/801a3fa158a096b83c0d79e06da5c600"},"headline":"Oportunitats laborals despr\u00e9s d\u2019estudiar una FP a dist\u00e0ncia","datePublished":"2021-09-14T10:48:45+00:00","dateModified":"2021-09-14T10:49:37+00:00","mainEntityOfPage":{"@id":"https:\/\/ramarfp.com\/ca\/fp-distancia\/"},"wordCount":772,"publisher":{"@id":"https:\/\/ramarfp.com\/ca\/#organization"},"image":{"@id":"https:\/\/ramarfp.com\/ca\/fp-distancia\/#primaryimage"},"thumbnailUrl":"https:\/\/ramarfp.com\/wp-content\/uploads\/2021\/09\/distancia.jpg","articleSection":["Not\u00edcies"],"inLanguage":"ca"},{"@type":"WebPage","@id":"https:\/\/ramarfp.com\/ca\/fp-distancia\/","url":"https:\/\/ramarfp.com\/ca\/fp-distancia\/","name":"FP a DIST\u00c0NCIA: \u275d No et perdis un brillant futur laboral.","isPartOf":{"@id":"https:\/\/ramarfp.com\/ca\/#website"},"primaryImageOfPage":{"@id":"https:\/\/ramarfp.com\/ca\/fp-distancia\/#primaryimage"},"image":{"@id":"https:\/\/ramarfp.com\/ca\/fp-distancia\/#primaryimage"},"thumbnailUrl":"https:\/\/ramarfp.com\/wp-content\/uploads\/2021\/09\/distancia.jpg","datePublished":"2021-09-14T10:48:45+00:00","dateModified":"2021-09-14T10:49:37+00:00","description":"FP a DIST\u00c0NCIA: \u275d No et perdis les oportunitats laborals i les opcions d\u2019inserci\u00f3 despr\u00e9s d\u2019estudiar Formaci\u00f3 Professional \u275d","breadcrumb":{"@id":"https:\/\/ramarfp.com\/ca\/fp-distancia\/#breadcrumb"},"inLanguage":"ca","potentialAction":[{"@type":"ReadAction","target":["https:\/\/ramarfp.com\/ca\/fp-distancia\/"]}]},{"@type":"ImageObject","inLanguage":"ca","@id":"https:\/\/ramarfp.com\/ca\/fp-distancia\/#primaryimage","url":"https:\/\/ramarfp.com\/wp-content\/uploads\/2021\/09\/distancia.jpg","contentUrl":"https:\/\/ramarfp.com\/wp-content\/uploads\/2021\/09\/distancia.jpg","width":1200,"height":400,"caption":"Els 5 objectius de la formaci\u00f3 professional a dist\u00e0ncia"},{"@type":"BreadcrumbList","@id":"https:\/\/ramarfp.com\/ca\/fp-distancia\/#breadcrumb","itemListElement":[{"@type":"ListItem","position":1,"name":"Ramar FP","item":"https:\/\/ramarfp.com\/ca\/"},{"@type":"ListItem","position":2,"name":"Oportunitats laborals despr\u00e9s d\u2019estudiar una FP a dist\u00e0ncia"}]},{"@type":"WebSite","@id":"https:\/\/ramarfp.com\/ca\/#website","url":"https:\/\/ramarfp.com\/ca\/","name":"Ramar FP | Formaci\u00f3n Profesional presencial y FP a distancia","description":"\u27bd Centro Oficial Ramar FP \u27bd Presencial y a distancia \u27bd Facilidades de pago \u27bd Examinamos en toda Espa\u00f1a \u260e \u00a1Asegura tu futuro!","publisher":{"@id":"https:\/\/ramarfp.com\/ca\/#organization"},"potentialAction":[{"@type":"SearchAction","target":{"@type":"EntryPoint","urlTemplate":"https:\/\/ramarfp.com\/ca\/?s={search_term_string}"},"query-input":{"@type":"PropertyValueSpecification","valueRequired":true,"valueName":"search_term_string"}}],"inLanguage":"ca"},{"@type":"Organization","@id":"https:\/\/ramarfp.com\/ca\/#organization","name":"Ramar FP Online","url":"https:\/\/ramarfp.com\/ca\/","logo":{"@type":"ImageObject","inLanguage":"ca","@id":"https:\/\/ramarfp.com\/ca\/#\/schema\/logo\/image\/","url":"https:\/\/ramarfp.com\/wp-content\/uploads\/2020\/12\/Logoonlinetransparent.png","contentUrl":"https:\/\/ramarfp.com\/wp-content\/uploads\/2020\/12\/Logoonlinetransparent.png","width":1704,"height":1052,"caption":"Ramar FP Online"},"image":{"@id":"https:\/\/ramarfp.com\/ca\/#\/schema\/logo\/image\/"}},{"@type":"Person","@id":"https:\/\/ramarfp.com\/ca\/#\/schema\/person\/801a3fa158a096b83c0d79e06da5c600","name":"Jago","image":{"@type":"ImageObject","inLanguage":"ca","@id":"https:\/\/secure.gravatar.com\/avatar\/4e7391d5e6115e5f475140f8ce495e9dc02feecaf0f5a32b3babbe0305366ed9?s=96&d=mm&r=g","url":"https:\/\/secure.gravatar.com\/avatar\/4e7391d5e6115e5f475140f8ce495e9dc02feecaf0f5a32b3babbe0305366ed9?s=96&d=mm&r=g","contentUrl":"https:\/\/secure.gravatar.com\/avatar\/4e7391d5e6115e5f475140f8ce495e9dc02feecaf0f5a32b3babbe0305366ed9?s=96&d=mm&r=g","caption":"Jago"}}]}},"_links":{"self":[{"href":"https:\/\/ramarfp.com\/ca\/wp-json\/wp\/v2\/posts\/10186","targetHints":{"allow":["GET"]}}],"collection":[{"href":"https:\/\/ramarfp.com\/ca\/wp-json\/wp\/v2\/posts"}],"about":[{"href":"https:\/\/ramarfp.com\/ca\/wp-json\/wp\/v2\/types\/post"}],"author":[{"embeddable":true,"href":"https:\/\/ramarfp.com\/ca\/wp-json\/wp\/v2\/users\/7"}],"replies":[{"embeddable":true,"href":"https:\/\/ramarfp.com\/ca\/wp-json\/wp\/v2\/comments?post=10186"}],"version-history":[{"count":0,"href":"https:\/\/ramarfp.com\/ca\/wp-json\/wp\/v2\/posts\/10186\/revisions"}],"wp:featuredmedia":[{"embeddable":true,"href":"https:\/\/ramarfp.com\/ca\/wp-json\/wp\/v2\/media\/10164"}],"wp:attachment":[{"href":"https:\/\/ramarfp.com\/ca\/wp-json\/wp\/v2\/media?parent=10186"}],"wp:term":[{"taxonomy":"category","embeddable":true,"href":"https:\/\/ramarfp.com\/ca\/wp-json\/wp\/v2\/categories?post=10186"},{"taxonomy":"post_tag","embeddable":true,"href":"https:\/\/ramarfp.com\/ca\/wp-json\/wp\/v2\/tags?post=10186"}],"curies":[{"name":"wp","href":"https:\/\/api.w.org\/{rel}","templated":true}]}}