{"id":10162,"date":"2021-09-14T12:34:00","date_gmt":"2021-09-14T10:34:00","guid":{"rendered":"https:\/\/ramarfp.com\/?p=10162"},"modified":"2022-01-20T12:36:06","modified_gmt":"2022-01-20T11:36:06","slug":"objectius-formacio-professional","status":"publish","type":"post","link":"https:\/\/ramarfp.com\/ca\/objectius-formacio-professional\/","title":{"rendered":"Els 5 objectius de la formaci\u00f3 professional a dist\u00e0ncia"},"content":{"rendered":"\t\t<div data-elementor-type=\"wp-post\" data-elementor-id=\"10162\" class=\"elementor elementor-10162\" data-elementor-post-type=\"post\">\n\t\t\t\t\t\t<section class=\"elementor-section elementor-top-section elementor-element elementor-element-1d2b379 elementor-section-boxed elementor-section-height-default elementor-section-height-default\" data-id=\"1d2b379\" data-element_type=\"section\" data-e-type=\"section\">\n\t\t\t\t\t\t<div class=\"elementor-container elementor-column-gap-default\">\n\t\t\t\t\t<div class=\"elementor-column elementor-col-100 elementor-top-column elementor-element elementor-element-7f70b4f\" data-id=\"7f70b4f\" data-element_type=\"column\" data-e-type=\"column\">\n\t\t\t<div class=\"elementor-widget-wrap elementor-element-populated\">\n\t\t\t\t\t\t<div class=\"elementor-element elementor-element-83efebc de_scroll_animation_no elementor-widget elementor-widget-text-editor\" data-id=\"83efebc\" data-element_type=\"widget\" data-e-type=\"widget\" data-widget_type=\"text-editor.default\">\n\t\t\t\t<div class=\"elementor-widget-container\">\n\t\t\t\t\t\t\t\t\t<p>La <a href=\"https:\/\/ramarfp.com\/fp-a-distancia\/\">Formaci\u00f3 Professional a dist\u00e0ncia<\/a> s\u2019ha consolidat com a m\u00e8tode objectivament v\u00e0lid d\u2019educaci\u00f3 i capacitaci\u00f3 professional. La titulaci\u00f3 que obtenen els estudiants, un cop superat el per\u00edode de formaci\u00f3, t\u00e9 el mateix car\u00e0cter oficial que la de la formaci\u00f3 convencional. Tamb\u00e9 les condicions d\u2019acc\u00e9s als cicles formatius de Grau Mitj\u00e0 i Superior s\u00f3n les mateixes que requereix la formaci\u00f3 presencial. Per tant, cal impulsar la formaci\u00f3 professional a dist\u00e0ncia com una altra manera d\u2019obtenir els corresponents t\u00edtols oficials. S\u2019incorpora tamb\u00e9 l\u2019\u00fas de les noves tecnologies, com les <a href=\"https:\/\/www.lavanguardia.com\/local\/sevilla\/20210205\/6224960\/vertice-exporta-elearning-dispara-mas-50-numero-alumnos-online-pandemia.html\">plataformes de <\/a><em>e-learning<\/em>,\u00a0 per fer possible l\u2019acc\u00e9s a aquest tipus de formaci\u00f3 a diferents col\u00b7lectius, independentment de la seva ubicaci\u00f3 geogr\u00e0fica. Introdu\u00efm ara els 5 <strong><em>objectius de la formaci\u00f3 professional a dist\u00e0ncia<\/em><\/strong><a href=\"https:\/\/www.lavanguardia.com\/local\/sevilla\/20210205\/6224960\/vertice-exporta-elearning-dispara-mas-50-numero-alumnos-online-pandemia.html\">.\u00a0<\/a><\/p><h2><em>Tips\u00a0<\/em>sobre els objectius de la formaci\u00f3 professional a dist\u00e0ncia\u00a0<\/h2><ol><li>Aquesta formaci\u00f3 professional elimina les barreres d\u2019acc\u00e9s. La dist\u00e0ncia entre el centre educatiu i la resid\u00e8ncia de l\u2019estudiant no representa cap impediment. Pot formar-se de la mateixa manera que ho faria de forma presencial. El lloc on visqui \u00e9s indiferent. Amb una <a href=\"https:\/\/www.lavanguardia.com\/vida\/junior-report\/20190513\/462140060359\/brecha-digital-desigualdad-acceso-internet.html\">connexi\u00f3 a Internet<\/a> pot eliminar qualsevol barrera geogr\u00e0fica i obtenir igualment el t\u00edtol oficial. Potser \u00e9s aquest un dels avantatges m\u00e9s destacats, innovadors i integradors, perqu\u00e8 permet que un nombre m\u00e9s alt de persones tingui la possibilitat real i efectiva de participar en aquest proc\u00e9s formatiu, encara que visqui lluny del centre acad\u00e8mic.<\/li><li>Tamb\u00e9 impulsa l\u2019\u00fas de les noves tecnologies de la informaci\u00f3 i la comunicaci\u00f3. Aquestes tecnologies passen a formar part de les eines d\u2019\u00fas quotidi\u00e0 de les \u00e1rees del coneixement. No es tracta nom\u00e9s de la formaci\u00f3 acad\u00e8mica, sin\u00f3 de la incorporaci\u00f3 dels estudiants al marc de la transformaci\u00f3 digital, present, a partir d\u2019ara, en qualsevol \u00e0mbit de la seva vida. Per tant, aquest objectiu compleix una doble funci\u00f3, per\u00f2, especialment, la de normalitzar un entorn digital que els ser\u00e0 indispensable en el seu dia a dia.<\/li><\/ol><h2>Adquisici\u00f3 de coneixement de forma interactiva<\/h2><ol start=\"3\"><li>El proc\u00e9s d\u2019aprenentatge \u00e9s diferent al convencional. En aquest sentit, el model pedag\u00f2gic de la formaci\u00f3 professional a dist\u00e0ncia es basa en un proc\u00e9s d\u2019aprenentatge articulat en la formaci\u00f3 interactiva. D\u2019aquesta manera, l\u2019alumne no nom\u00e9s adquireix coneixement, sin\u00f3 que tamb\u00e9 el comparteix d\u2019una forma interactiva, gr\u00e0cies al dinamisme i a les possibilitats que les eines inform\u00e0tiques posen al seu abast. Per tant, l\u2019aula convencional es transforma en aula virtual. A difer\u00e8ncia de la primera, la segona pot incorporar tota la informaci\u00f3 que l\u2019alumne necessiti. Les eines multim\u00e8dia, com v\u00eddeos, \u00e0udios,\u00a0 <em>blogs<\/em> o <em>foros<\/em>, fomenten un tipus de comunicaci\u00f3 de m\u00e9s abast que la que s\u2019estableix a la formaci\u00f3 convencional.\u00a0<\/li><li>El marc de relaci\u00f3 dels alumnes amb els professors pot ser m\u00e9s continuat at\u00e8s que la interacci\u00f3 amb l\u2019alumne s\u2019estableix mitjan\u00e7ant canals de comunicaci\u00f3 electr\u00f2nics. Mantenen un contacte permanent amb els alumnes amb eines com els <em>chats<\/em> o els <em>blogs<\/em>. Per tant, el seguiment de l\u2019evoluci\u00f3 de cada alumne \u00e9s constant. Els professors han rebut formaci\u00f3 espec\u00edfica sobre las plataformes <em>e-learning<\/em> per adquirir els coneixements necessaris i per garantir la seva capacitat per traslladar aquests continguts als alumns. Els professors tamb\u00e9 utilitzen el tel\u00e8fon per interactuar amb els alumnes. I, naturalment, quan cal. celebren tutories presencials en el centre acad\u00e8mic. La relaci\u00f3 entre el professor i l\u2019alumne \u00e9s flu\u00efda i constant.<\/li><li>Un altre dels objectius de la formaci\u00f3 professional a dist\u00e0ncia \u00e9s l\u2019avaluaci\u00f3 cont\u00ednua. Les eines inform\u00e0tiques faciliten poder fer un seguiment del progr\u00e9s dels alumnes. Al llarg d\u2019aquest seguiment, els professors les utilitzaran perqu\u00e8 ajudin a assolir unes determinades fites por part de l\u2019alumnat. L\u2019avaluaci\u00f3 final es porta a terme amb car\u00e1cter presencial, en principi a la mateixa escola. I, naturalment, aquesta prova \u00e9s indispensable per a l\u2019obtenci\u00f3 del t\u00edtol oficial.\u00a0<\/li><\/ol><p>\u00a0<\/p><p>Esperem que aquesta presentaci\u00f3 t\u2019hagi interessat. A\u00a0<a href=\"https:\/\/ramarfp.com\/fp-a-distancia\/\" data-saferedirecturl=\"https:\/\/www.google.com\/url?q=https:\/\/ramarfp.com\/fp-a-distancia\/&amp;source=gmail&amp;ust=1620758314268000&amp;usg=AFQjCNFCUDVHEh1y6Jdje-Np2PD3bmuSGw\">RAMAR<\/a><u> FP<\/u> posem a la teva disposici\u00f3 la nostra oferta formativa <em>online<\/em>. Visita la nostra p\u00e0gina web per poder con\u00e8ixer el model educatiu de Formaci\u00f3 Professional <em>online<\/em>. El teu futur comen\u00e7a a la nostra escola. No perdis ni un minut!<\/p>\t\t\t\t\t\t\t\t<\/div>\n\t\t\t\t<\/div>\n\t\t\t\t\t<\/div>\n\t\t<\/div>\n\t\t\t\t\t<\/div>\n\t\t<\/section>\n\t\t\t\t<\/div>\n\t\t","protected":false},"excerpt":{"rendered":"<p>La Formaci\u00f3 Professional a dist\u00e0ncia s\u2019ha consolidat com a m\u00e8tode objectivament v\u00e0lid d\u2019educaci\u00f3 i capacitaci\u00f3 professional. La titulaci\u00f3 que obtenen els estudiants, un cop superat el per\u00edode de formaci\u00f3, t\u00e9 el mateix car\u00e0cter oficial que la de la formaci\u00f3 convencional. Tamb\u00e9 les condicions d\u2019acc\u00e9s als cicles formatius de Grau Mitj\u00e0 i Superior s\u00f3n les mateixes [&hellip;]<\/p>\n","protected":false},"author":7,"featured_media":10164,"comment_status":"closed","ping_status":"closed","sticky":false,"template":"","format":"standard","meta":{"footnotes":""},"categories":[2],"tags":[],"class_list":["post-10162","post","type-post","status-publish","format-standard","has-post-thumbnail","hentry","category-noticies"],"yoast_head":"<!-- This site is optimized with the Yoast SEO Premium plugin v21.3 (Yoast SEO v27.5) - https:\/\/yoast.com\/product\/yoast-seo-premium-wordpress\/ -->\n<title>Beneficis de la formaci\u00f3 professional a dist\u00e0ncia | Ramar FP<\/title>\n<meta name=\"description\" content=\"objectius de la formaci\u00f3 professional \u2609 La FP a dist\u00e0ncia compleix 5 objectius que justifiquen aquest m\u00e8tode educatiu i formatiu.\" \/>\n<meta name=\"robots\" content=\"index, follow, max-snippet:-1, max-image-preview:large, max-video-preview:-1\" \/>\n<link rel=\"canonical\" href=\"https:\/\/ramarfp.com\/ca\/objectius-formacio-professional\/\" \/>\n<meta property=\"og:locale\" content=\"ca_ES\" \/>\n<meta property=\"og:type\" content=\"article\" \/>\n<meta property=\"og:title\" content=\"Els 5 objectius de la formaci\u00f3 professional a dist\u00e0ncia\" \/>\n<meta property=\"og:description\" content=\"objectius de la formaci\u00f3 professional \u2609 La FP a dist\u00e0ncia compleix 5 objectius que justifiquen aquest m\u00e8tode educatiu i formatiu.\" \/>\n<meta property=\"og:url\" content=\"https:\/\/ramarfp.com\/ca\/objectius-formacio-professional\/\" \/>\n<meta property=\"og:site_name\" content=\"Ramar FP | Formaci\u00f3n Profesional presencial y FP a distancia\" \/>\n<meta property=\"article:published_time\" content=\"2021-09-14T10:34:00+00:00\" \/>\n<meta property=\"article:modified_time\" content=\"2022-01-20T11:36:06+00:00\" \/>\n<meta property=\"og:image\" content=\"https:\/\/ramarfp.com\/wp-content\/uploads\/2021\/09\/distancia.jpg\" \/>\n\t<meta property=\"og:image:width\" content=\"1200\" \/>\n\t<meta property=\"og:image:height\" content=\"400\" \/>\n\t<meta property=\"og:image:type\" content=\"image\/jpeg\" \/>\n<meta name=\"author\" content=\"Jago\" \/>\n<meta name=\"twitter:card\" content=\"summary_large_image\" \/>\n<meta name=\"twitter:label1\" content=\"Escrit per\" \/>\n\t<meta name=\"twitter:data1\" content=\"Jago\" \/>\n\t<meta name=\"twitter:label2\" content=\"Temps estimat de lectura\" \/>\n\t<meta name=\"twitter:data2\" content=\"4 minuts\" \/>\n<script type=\"application\/ld+json\" class=\"yoast-schema-graph\">{\"@context\":\"https:\\\/\\\/schema.org\",\"@graph\":[{\"@type\":\"Article\",\"@id\":\"https:\\\/\\\/ramarfp.com\\\/ca\\\/objectius-formacio-professional\\\/#article\",\"isPartOf\":{\"@id\":\"https:\\\/\\\/ramarfp.com\\\/ca\\\/objectius-formacio-professional\\\/\"},\"author\":{\"name\":\"Jago\",\"@id\":\"https:\\\/\\\/ramarfp.com\\\/ca\\\/#\\\/schema\\\/person\\\/801a3fa158a096b83c0d79e06da5c600\"},\"headline\":\"Els 5 objectius de la formaci\u00f3 professional a dist\u00e0ncia\",\"datePublished\":\"2021-09-14T10:34:00+00:00\",\"dateModified\":\"2022-01-20T11:36:06+00:00\",\"mainEntityOfPage\":{\"@id\":\"https:\\\/\\\/ramarfp.com\\\/ca\\\/objectius-formacio-professional\\\/\"},\"wordCount\":754,\"publisher\":{\"@id\":\"https:\\\/\\\/ramarfp.com\\\/ca\\\/#organization\"},\"image\":{\"@id\":\"https:\\\/\\\/ramarfp.com\\\/ca\\\/objectius-formacio-professional\\\/#primaryimage\"},\"thumbnailUrl\":\"https:\\\/\\\/ramarfp.com\\\/wp-content\\\/uploads\\\/2021\\\/09\\\/distancia.jpg\",\"articleSection\":[\"Not\u00edcies\"],\"inLanguage\":\"ca\"},{\"@type\":\"WebPage\",\"@id\":\"https:\\\/\\\/ramarfp.com\\\/ca\\\/objectius-formacio-professional\\\/\",\"url\":\"https:\\\/\\\/ramarfp.com\\\/ca\\\/objectius-formacio-professional\\\/\",\"name\":\"Beneficis de la formaci\u00f3 professional a dist\u00e0ncia | Ramar FP\",\"isPartOf\":{\"@id\":\"https:\\\/\\\/ramarfp.com\\\/ca\\\/#website\"},\"primaryImageOfPage\":{\"@id\":\"https:\\\/\\\/ramarfp.com\\\/ca\\\/objectius-formacio-professional\\\/#primaryimage\"},\"image\":{\"@id\":\"https:\\\/\\\/ramarfp.com\\\/ca\\\/objectius-formacio-professional\\\/#primaryimage\"},\"thumbnailUrl\":\"https:\\\/\\\/ramarfp.com\\\/wp-content\\\/uploads\\\/2021\\\/09\\\/distancia.jpg\",\"datePublished\":\"2021-09-14T10:34:00+00:00\",\"dateModified\":\"2022-01-20T11:36:06+00:00\",\"description\":\"objectius de la formaci\u00f3 professional \u2609 La FP a dist\u00e0ncia compleix 5 objectius que justifiquen aquest m\u00e8tode educatiu i formatiu.\",\"breadcrumb\":{\"@id\":\"https:\\\/\\\/ramarfp.com\\\/ca\\\/objectius-formacio-professional\\\/#breadcrumb\"},\"inLanguage\":\"ca\",\"potentialAction\":[{\"@type\":\"ReadAction\",\"target\":[\"https:\\\/\\\/ramarfp.com\\\/ca\\\/objectius-formacio-professional\\\/\"]}]},{\"@type\":\"ImageObject\",\"inLanguage\":\"ca\",\"@id\":\"https:\\\/\\\/ramarfp.com\\\/ca\\\/objectius-formacio-professional\\\/#primaryimage\",\"url\":\"https:\\\/\\\/ramarfp.com\\\/wp-content\\\/uploads\\\/2021\\\/09\\\/distancia.jpg\",\"contentUrl\":\"https:\\\/\\\/ramarfp.com\\\/wp-content\\\/uploads\\\/2021\\\/09\\\/distancia.jpg\",\"width\":1200,\"height\":400,\"caption\":\"Els 5 objectius de la formaci\u00f3 professional a dist\u00e0ncia\"},{\"@type\":\"BreadcrumbList\",\"@id\":\"https:\\\/\\\/ramarfp.com\\\/ca\\\/objectius-formacio-professional\\\/#breadcrumb\",\"itemListElement\":[{\"@type\":\"ListItem\",\"position\":1,\"name\":\"Ramar FP\",\"item\":\"https:\\\/\\\/ramarfp.com\\\/ca\\\/\"},{\"@type\":\"ListItem\",\"position\":2,\"name\":\"Els 5 objectius de la formaci\u00f3 professional a dist\u00e0ncia\"}]},{\"@type\":\"WebSite\",\"@id\":\"https:\\\/\\\/ramarfp.com\\\/ca\\\/#website\",\"url\":\"https:\\\/\\\/ramarfp.com\\\/ca\\\/\",\"name\":\"Ramar FP | Formaci\u00f3n Profesional presencial y FP a distancia\",\"description\":\"\u27bd Centro Oficial Ramar FP \u27bd Presencial y a distancia \u27bd Facilidades de pago \u27bd Examinamos en toda Espa\u00f1a \u260e \u00a1Asegura tu futuro!\",\"publisher\":{\"@id\":\"https:\\\/\\\/ramarfp.com\\\/ca\\\/#organization\"},\"potentialAction\":[{\"@type\":\"SearchAction\",\"target\":{\"@type\":\"EntryPoint\",\"urlTemplate\":\"https:\\\/\\\/ramarfp.com\\\/ca\\\/?s={search_term_string}\"},\"query-input\":{\"@type\":\"PropertyValueSpecification\",\"valueRequired\":true,\"valueName\":\"search_term_string\"}}],\"inLanguage\":\"ca\"},{\"@type\":\"Organization\",\"@id\":\"https:\\\/\\\/ramarfp.com\\\/ca\\\/#organization\",\"name\":\"Ramar FP Online\",\"url\":\"https:\\\/\\\/ramarfp.com\\\/ca\\\/\",\"logo\":{\"@type\":\"ImageObject\",\"inLanguage\":\"ca\",\"@id\":\"https:\\\/\\\/ramarfp.com\\\/ca\\\/#\\\/schema\\\/logo\\\/image\\\/\",\"url\":\"https:\\\/\\\/ramarfp.com\\\/wp-content\\\/uploads\\\/2020\\\/12\\\/Logoonlinetransparent.png\",\"contentUrl\":\"https:\\\/\\\/ramarfp.com\\\/wp-content\\\/uploads\\\/2020\\\/12\\\/Logoonlinetransparent.png\",\"width\":1704,\"height\":1052,\"caption\":\"Ramar FP Online\"},\"image\":{\"@id\":\"https:\\\/\\\/ramarfp.com\\\/ca\\\/#\\\/schema\\\/logo\\\/image\\\/\"}},{\"@type\":\"Person\",\"@id\":\"https:\\\/\\\/ramarfp.com\\\/ca\\\/#\\\/schema\\\/person\\\/801a3fa158a096b83c0d79e06da5c600\",\"name\":\"Jago\",\"image\":{\"@type\":\"ImageObject\",\"inLanguage\":\"ca\",\"@id\":\"https:\\\/\\\/secure.gravatar.com\\\/avatar\\\/4e7391d5e6115e5f475140f8ce495e9dc02feecaf0f5a32b3babbe0305366ed9?s=96&d=mm&r=g\",\"url\":\"https:\\\/\\\/secure.gravatar.com\\\/avatar\\\/4e7391d5e6115e5f475140f8ce495e9dc02feecaf0f5a32b3babbe0305366ed9?s=96&d=mm&r=g\",\"contentUrl\":\"https:\\\/\\\/secure.gravatar.com\\\/avatar\\\/4e7391d5e6115e5f475140f8ce495e9dc02feecaf0f5a32b3babbe0305366ed9?s=96&d=mm&r=g\",\"caption\":\"Jago\"}}]}<\/script>\n<!-- \/ Yoast SEO Premium plugin. -->","yoast_head_json":{"title":"Beneficis de la formaci\u00f3 professional a dist\u00e0ncia | Ramar FP","description":"objectius de la formaci\u00f3 professional \u2609 La FP a dist\u00e0ncia compleix 5 objectius que justifiquen aquest m\u00e8tode educatiu i formatiu.","robots":{"index":"index","follow":"follow","max-snippet":"max-snippet:-1","max-image-preview":"max-image-preview:large","max-video-preview":"max-video-preview:-1"},"canonical":"https:\/\/ramarfp.com\/ca\/objectius-formacio-professional\/","og_locale":"ca_ES","og_type":"article","og_title":"Els 5 objectius de la formaci\u00f3 professional a dist\u00e0ncia","og_description":"objectius de la formaci\u00f3 professional \u2609 La FP a dist\u00e0ncia compleix 5 objectius que justifiquen aquest m\u00e8tode educatiu i formatiu.","og_url":"https:\/\/ramarfp.com\/ca\/objectius-formacio-professional\/","og_site_name":"Ramar FP | Formaci\u00f3n Profesional presencial y FP a distancia","article_published_time":"2021-09-14T10:34:00+00:00","article_modified_time":"2022-01-20T11:36:06+00:00","og_image":[{"width":1200,"height":400,"url":"https:\/\/ramarfp.com\/wp-content\/uploads\/2021\/09\/distancia.jpg","type":"image\/jpeg"}],"author":"Jago","twitter_card":"summary_large_image","twitter_misc":{"Escrit per":"Jago","Temps estimat de lectura":"4 minuts"},"schema":{"@context":"https:\/\/schema.org","@graph":[{"@type":"Article","@id":"https:\/\/ramarfp.com\/ca\/objectius-formacio-professional\/#article","isPartOf":{"@id":"https:\/\/ramarfp.com\/ca\/objectius-formacio-professional\/"},"author":{"name":"Jago","@id":"https:\/\/ramarfp.com\/ca\/#\/schema\/person\/801a3fa158a096b83c0d79e06da5c600"},"headline":"Els 5 objectius de la formaci\u00f3 professional a dist\u00e0ncia","datePublished":"2021-09-14T10:34:00+00:00","dateModified":"2022-01-20T11:36:06+00:00","mainEntityOfPage":{"@id":"https:\/\/ramarfp.com\/ca\/objectius-formacio-professional\/"},"wordCount":754,"publisher":{"@id":"https:\/\/ramarfp.com\/ca\/#organization"},"image":{"@id":"https:\/\/ramarfp.com\/ca\/objectius-formacio-professional\/#primaryimage"},"thumbnailUrl":"https:\/\/ramarfp.com\/wp-content\/uploads\/2021\/09\/distancia.jpg","articleSection":["Not\u00edcies"],"inLanguage":"ca"},{"@type":"WebPage","@id":"https:\/\/ramarfp.com\/ca\/objectius-formacio-professional\/","url":"https:\/\/ramarfp.com\/ca\/objectius-formacio-professional\/","name":"Beneficis de la formaci\u00f3 professional a dist\u00e0ncia | Ramar FP","isPartOf":{"@id":"https:\/\/ramarfp.com\/ca\/#website"},"primaryImageOfPage":{"@id":"https:\/\/ramarfp.com\/ca\/objectius-formacio-professional\/#primaryimage"},"image":{"@id":"https:\/\/ramarfp.com\/ca\/objectius-formacio-professional\/#primaryimage"},"thumbnailUrl":"https:\/\/ramarfp.com\/wp-content\/uploads\/2021\/09\/distancia.jpg","datePublished":"2021-09-14T10:34:00+00:00","dateModified":"2022-01-20T11:36:06+00:00","description":"objectius de la formaci\u00f3 professional \u2609 La FP a dist\u00e0ncia compleix 5 objectius que justifiquen aquest m\u00e8tode educatiu i formatiu.","breadcrumb":{"@id":"https:\/\/ramarfp.com\/ca\/objectius-formacio-professional\/#breadcrumb"},"inLanguage":"ca","potentialAction":[{"@type":"ReadAction","target":["https:\/\/ramarfp.com\/ca\/objectius-formacio-professional\/"]}]},{"@type":"ImageObject","inLanguage":"ca","@id":"https:\/\/ramarfp.com\/ca\/objectius-formacio-professional\/#primaryimage","url":"https:\/\/ramarfp.com\/wp-content\/uploads\/2021\/09\/distancia.jpg","contentUrl":"https:\/\/ramarfp.com\/wp-content\/uploads\/2021\/09\/distancia.jpg","width":1200,"height":400,"caption":"Els 5 objectius de la formaci\u00f3 professional a dist\u00e0ncia"},{"@type":"BreadcrumbList","@id":"https:\/\/ramarfp.com\/ca\/objectius-formacio-professional\/#breadcrumb","itemListElement":[{"@type":"ListItem","position":1,"name":"Ramar FP","item":"https:\/\/ramarfp.com\/ca\/"},{"@type":"ListItem","position":2,"name":"Els 5 objectius de la formaci\u00f3 professional a dist\u00e0ncia"}]},{"@type":"WebSite","@id":"https:\/\/ramarfp.com\/ca\/#website","url":"https:\/\/ramarfp.com\/ca\/","name":"Ramar FP | Formaci\u00f3n Profesional presencial y FP a distancia","description":"\u27bd Centro Oficial Ramar FP \u27bd Presencial y a distancia \u27bd Facilidades de pago \u27bd Examinamos en toda Espa\u00f1a \u260e \u00a1Asegura tu futuro!","publisher":{"@id":"https:\/\/ramarfp.com\/ca\/#organization"},"potentialAction":[{"@type":"SearchAction","target":{"@type":"EntryPoint","urlTemplate":"https:\/\/ramarfp.com\/ca\/?s={search_term_string}"},"query-input":{"@type":"PropertyValueSpecification","valueRequired":true,"valueName":"search_term_string"}}],"inLanguage":"ca"},{"@type":"Organization","@id":"https:\/\/ramarfp.com\/ca\/#organization","name":"Ramar FP Online","url":"https:\/\/ramarfp.com\/ca\/","logo":{"@type":"ImageObject","inLanguage":"ca","@id":"https:\/\/ramarfp.com\/ca\/#\/schema\/logo\/image\/","url":"https:\/\/ramarfp.com\/wp-content\/uploads\/2020\/12\/Logoonlinetransparent.png","contentUrl":"https:\/\/ramarfp.com\/wp-content\/uploads\/2020\/12\/Logoonlinetransparent.png","width":1704,"height":1052,"caption":"Ramar FP Online"},"image":{"@id":"https:\/\/ramarfp.com\/ca\/#\/schema\/logo\/image\/"}},{"@type":"Person","@id":"https:\/\/ramarfp.com\/ca\/#\/schema\/person\/801a3fa158a096b83c0d79e06da5c600","name":"Jago","image":{"@type":"ImageObject","inLanguage":"ca","@id":"https:\/\/secure.gravatar.com\/avatar\/4e7391d5e6115e5f475140f8ce495e9dc02feecaf0f5a32b3babbe0305366ed9?s=96&d=mm&r=g","url":"https:\/\/secure.gravatar.com\/avatar\/4e7391d5e6115e5f475140f8ce495e9dc02feecaf0f5a32b3babbe0305366ed9?s=96&d=mm&r=g","contentUrl":"https:\/\/secure.gravatar.com\/avatar\/4e7391d5e6115e5f475140f8ce495e9dc02feecaf0f5a32b3babbe0305366ed9?s=96&d=mm&r=g","caption":"Jago"}}]}},"_links":{"self":[{"href":"https:\/\/ramarfp.com\/ca\/wp-json\/wp\/v2\/posts\/10162","targetHints":{"allow":["GET"]}}],"collection":[{"href":"https:\/\/ramarfp.com\/ca\/wp-json\/wp\/v2\/posts"}],"about":[{"href":"https:\/\/ramarfp.com\/ca\/wp-json\/wp\/v2\/types\/post"}],"author":[{"embeddable":true,"href":"https:\/\/ramarfp.com\/ca\/wp-json\/wp\/v2\/users\/7"}],"replies":[{"embeddable":true,"href":"https:\/\/ramarfp.com\/ca\/wp-json\/wp\/v2\/comments?post=10162"}],"version-history":[{"count":0,"href":"https:\/\/ramarfp.com\/ca\/wp-json\/wp\/v2\/posts\/10162\/revisions"}],"wp:featuredmedia":[{"embeddable":true,"href":"https:\/\/ramarfp.com\/ca\/wp-json\/wp\/v2\/media\/10164"}],"wp:attachment":[{"href":"https:\/\/ramarfp.com\/ca\/wp-json\/wp\/v2\/media?parent=10162"}],"wp:term":[{"taxonomy":"category","embeddable":true,"href":"https:\/\/ramarfp.com\/ca\/wp-json\/wp\/v2\/categories?post=10162"},{"taxonomy":"post_tag","embeddable":true,"href":"https:\/\/ramarfp.com\/ca\/wp-json\/wp\/v2\/tags?post=10162"}],"curies":[{"name":"wp","href":"https:\/\/api.w.org\/{rel}","templated":true}]}}